{"id":413926,"date":"2025-09-11T09:04:11","date_gmt":"2025-09-11T09:04:11","guid":{"rendered":"https:\/\/www.europesays.com\/de\/413926\/"},"modified":"2025-09-11T09:04:11","modified_gmt":"2025-09-11T09:04:11","slug":"frankreichs-superstar-mbappe-meine-kinder-sollen-abstand-vom-profifussball-nehmen","status":"publish","type":"post","link":"https:\/\/www.europesays.com\/de\/413926\/","title":{"rendered":"Frankreichs Superstar: Mbapp\u00e9: Meine Kinder sollen Abstand vom Profifu\u00dfball nehmen"},"content":{"rendered":"<p>        Frankreichs Superstar<br \/>\n      Mbapp\u00e9: Meine Kinder sollen Abstand vom Profifu\u00dfball nehmen<\/p>\n<p>            Kopiere den aktuellen Link<\/p>\n<p>          Zur Merkliste hinzuf\u00fcgen<\/p>\n<p>Kylian Mbapp\u00e9 verdient mit dem Fu\u00dfball viel Geld und genie\u00dft eine gro\u00dfe Aufmerksamkeit. Seinen k\u00fcnftigen Kindern w\u00fcnscht er aber einen anderen Weg &#8211; weil ihn der Fu\u00dfball auch &#8222;anwidert&#8220;.<\/p>\n<p class=\"typo-body-md typo-body-lg@lg is-initial\">Die k\u00fcnftigen Kinder von <a class=\"\" data-target-type=\"article\" href=\"https:\/\/www.stern.de\/sport\/themen\/kylian-mbappe-7337958.html\" rel=\"nofollow noopener\" target=\"_blank\">Kylian Mbapp\u00e9<\/a> sollen nach dem Wunsch des Weltklasse-St\u00fcrmers einen m\u00f6glichst gro\u00dfen Abstand vom Profifu\u00dfball haben. &#8222;Auf jeden Fall w\u00fcrde ich meinem Kind nie raten, in die Welt des Fu\u00dfballs einzutauchen&#8220;, sagte der franz\u00f6sische Nationalspieler in einem Interview mit der &#8222;L&#8217;\u00c9quipe&#8220;. Auf die Frage, ob er sich auch vorstellen k\u00f6nne, dass seine Kinder den Fu\u00dfball hassen k\u00f6nnten, antwortete der noch kinderlose Mbapp\u00e9 lachend: &#8222;Ich hoffe es. Aber ich glaube, leider ist der Ball nie weit weg.&#8220;<\/p>\n<p class=\"typo-body-md typo-body-lg@lg\">In dem sehr pers\u00f6nlichen und ausf\u00fchrlichen Interview beschreibt der Profi von Real Madrid auch die Schattenseiten des <a class=\"taxonomy-entity keyword\" data-target-type=\"article\" href=\"https:\/\/www.stern.de\/sport\/fussball\/themen\/profifussball-4158358.html\" rel=\"nofollow noopener\" target=\"_blank\">Profifu\u00dfballs<\/a>. &#8222;Ich sage gerne, dass die Leute, die ins Stadion gehen, das Gl\u00fcck haben, &#8222;nur&#8220; eine Show zu sehen und nicht zu wissen, was hinter den Kulissen passiert&#8220;, \u00e4u\u00dferte der 26-J\u00e4hrige: &#8222;Ehrlich gesagt, wenn ich diese Leidenschaft nicht h\u00e4tte, h\u00e4tte mich die Welt des Fu\u00dfballs schon l\u00e4ngst angewidert.&#8220;<\/p>\n<p class=\"typo-body-md typo-body-lg@lg\">Mbapp\u00e9: &#8222;Das Leben ist gro\u00dfartig&#8220;<\/p>\n<p class=\"typo-body-md typo-body-lg@lg\">Der Ruhm und das viele Geld br\u00e4chten auch viele Probleme mit sich, erkl\u00e4rte Mbapp\u00e9. Er wandere stets auf einem &#8222;schmalen Grat zwischen Paranoia und Wachsamkeit&#8220;, wolle sich deshalb aber nicht die Freude am Leben au\u00dferhalb des <a class=\"taxonomy-entity keyword\" data-target-type=\"article\" href=\"https:\/\/www.stern.de\/sport\/fussball\/themen\/fussball-4154906.html\" rel=\"nofollow noopener\" target=\"_blank\">Fu\u00dfballs<\/a> nehmen lassen. &#8222;Ich bin fatalistisch, was die Welt des Fu\u00dfballs angeht, aber nicht, was das Leben angeht&#8220;, sagte er: &#8222;Das Leben ist gro\u00dfartig.&#8220;<\/p>\n<p>\n    dpa\n  <\/p>\n","protected":false},"excerpt":{"rendered":"Frankreichs Superstar Mbapp\u00e9: Meine Kinder sollen Abstand vom Profifu\u00dfball nehmen Kopiere den aktuellen Link Zur Merkliste hinzuf\u00fcgen Kylian&hellip;\n","protected":false},"author":2,"featured_media":413927,"comment_status":"","ping_status":"","sticky":false,"template":"","format":"standard","meta":{"footnotes":""},"categories":[3974],"tags":[331,332,548,663,3934,3980,156,13,14,15,12],"class_list":{"0":"post-413926","1":"post","2":"type-post","3":"status-publish","4":"format-standard","5":"has-post-thumbnail","7":"category-frankreich","8":"tag-aktuelle-nachrichten","9":"tag-aktuelle-news","10":"tag-eu","11":"tag-europa","12":"tag-europe","13":"tag-france","14":"tag-frankreich","15":"tag-headlines","16":"tag-nachrichten","17":"tag-news","18":"tag-schlagzeilen"},"share_on_mastodon":{"url":"https:\/\/pubeurope.com\/@de\/115184865947157868","error":""},"_links":{"self":[{"href":"https:\/\/www.europesays.com\/de\/wp-json\/wp\/v2\/posts\/413926","targetHints":{"allow":["GET"]}}],"collection":[{"href":"https:\/\/www.europesays.com\/de\/wp-json\/wp\/v2\/posts"}],"about":[{"href":"https:\/\/www.europesays.com\/de\/wp-json\/wp\/v2\/types\/post"}],"author":[{"embeddable":true,"href":"https:\/\/www.europesays.com\/de\/wp-json\/wp\/v2\/users\/2"}],"replies":[{"embeddable":true,"href":"https:\/\/www.europesays.com\/de\/wp-json\/wp\/v2\/comments?post=413926"}],"version-history":[{"count":0,"href":"https:\/\/www.europesays.com\/de\/wp-json\/wp\/v2\/posts\/413926\/revisions"}],"wp:featuredmedia":[{"embeddable":true,"href":"https:\/\/www.europesays.com\/de\/wp-json\/wp\/v2\/media\/413927"}],"wp:attachment":[{"href":"https:\/\/www.europesays.com\/de\/wp-json\/wp\/v2\/media?parent=413926"}],"wp:term":[{"taxonomy":"category","embeddable":true,"href":"https:\/\/www.europesays.com\/de\/wp-json\/wp\/v2\/categories?post=413926"},{"taxonomy":"post_tag","embeddable":true,"href":"https:\/\/www.europesays.com\/de\/wp-json\/wp\/v2\/tags?post=413926"}],"curies":[{"name":"wp","href":"https:\/\/api.w.org\/{rel}","templated":true}]}}