{"id":413960,"date":"2025-09-11T09:23:17","date_gmt":"2025-09-11T09:23:17","guid":{"rendered":"https:\/\/www.europesays.com\/de\/413960\/"},"modified":"2025-09-11T09:23:17","modified_gmt":"2025-09-11T09:23:17","slug":"razzia-in-essen-polizei-und-stadt-gehen-in-wohnhaeuser","status":"publish","type":"post","link":"https:\/\/www.europesays.com\/de\/413960\/","title":{"rendered":"Razzia in Essen: Polizei und Stadt gehen in Wohnh\u00e4user"},"content":{"rendered":"<p class=\"small date article__date\">Ver\u00f6ffentlicht:\u00a0Donnerstag, 11.09.2025 10:59<\/p>\n<p>In Essen sind am Mittwoch (10.9.) im Stadtteil Holsterhausen gleich mehrere Wohnh\u00e4user durchsucht worden. Stadt und Polizei haben dabei einige Gegenst\u00e4nde sichergestellt und einige M\u00e4ngel festgestellt.<\/p>\n<p><img decoding=\"async\" alt=\"\" src=\"https:\/\/www.europesays.com\/de\/wp-content\/uploads\/2025\/09\/2025-09-10_kontrolle_kruppstrasse_6_speziell_0900_0700_sv.jpg&#038;crop=0x0x900x563&#038;resize=900x563&#038;dt=202.jpeg\" data-size=\"900x563\"\/>\u00a9 Stadt EssenStadt Essen und Polizei durchsuchen Wohnnh\u00e4user<\/p>\n<p>Die Stadt Essen und die Polizei haben am Mittwoch (10.9.) gleich mehrere Wohnh\u00e4user in der Kruppstra\u00dfe in Holsterhausen durchsucht. Bei dieser &#8222;melderechtlichen Kontrolle&#8220; waren unter anderem die Kommunale Ausl\u00e4nderbeh\u00f6rde, das JobCenter, die Wohnungsaufsicht, die Finanzbuchhaltung und das Jugendamt dabei. Auch Oberb\u00fcrgermeister Thomas Kufen hat sich vor Ort ein Bild von der Lage verschafft. Insgesamt wurden bei dieser Razzia rund 100 Menschen kontrolliert, von denen 35 von Amts wegen abgemeldet wurden. Das bedeutet, dass ihnen Leistungen gek\u00fcrzt oder sogar gestrichen werden k\u00f6nnen. Zudem ist auf den Bildern der Stadt zu sehen, dass in der Kruppstra\u00dfe viel M\u00fcll herumliegt.<\/p>\n<p><a href=\"https:\/\/www.radioessen.de\/externalimages\/?source=jpg794\/2025-09-10_kontrolle_kruppstrasse_1_speziell_0900_0700_sv.jpg&amp;dt=202509111035260&amp;resize=900x600\" data-caption=\"\" itemprop=\"contentUrl\" data-size=\"900x600\" target=\"_blank\" rel=\"noopener\"><img decoding=\"async\" alt=\"\" src=\"https:\/\/www.europesays.com\/de\/wp-content\/uploads\/2025\/09\/2025-09-10_kontrolle_kruppstrasse_1_speziell_0900_0700_sv.jpg&#038;crop=0x18x900x563&#038;resize=900x563&#038;dt=20.jpeg\" data-size=\"900x563\"\/><\/a>\u00a9 Stadt Essen\u00a9 Stadt EssenPolizei und Stadt Essen stellen bei Razzia Gegenst\u00e4nde sicher<\/p>\n<p>Bei der Kontrolle konnte die Stadt au\u00dferdem \u00fcber 2700 Euro an offenen st\u00e4dtischen Forderungen kassieren, zudem ein Auto pf\u00e4nden. Die Polizei hat w\u00e4hrend der Razzia ein gestohlenes Fahrrad sichergestellt und ein vermeintlich herrenloser Hund konnte zu seinem Besitzer gebracht werden. Zudem haben die \u00c4mter bei den Wohnh\u00e4usern mehrere M\u00e4ngel festgestellt, darunter defekte Fenster und Schimmelbefall. Weitere Erkenntnisse der Kontrolle werden jetzt im Nachgang ausgewertet, hei\u00dft es von der Stadt.<\/p>\n<p>Mehr Nachrichten aus Essen<\/p>\n","protected":false},"excerpt":{"rendered":"Ver\u00f6ffentlicht:\u00a0Donnerstag, 11.09.2025 10:59 In Essen sind am Mittwoch (10.9.) im Stadtteil Holsterhausen gleich mehrere Wohnh\u00e4user durchsucht worden. Stadt&hellip;\n","protected":false},"author":2,"featured_media":413961,"comment_status":"","ping_status":"","sticky":false,"template":"","format":"standard","meta":{"footnotes":""},"categories":[1834],"tags":[7236,3275,3364,29,3688,30,1209,121,1442],"class_list":{"0":"post-413960","1":"post","2":"type-post","3":"status-publish","4":"format-standard","5":"has-post-thumbnail","7":"category-essen","8":"tag-holsterhausen","9":"tag-lokalnachrichten","10":"tag-de","11":"tag-deutschland","12":"tag-essen","13":"tag-germany","14":"tag-nordrhein-westfalen","15":"tag-polizei","16":"tag-razzia"},"share_on_mastodon":{"url":"https:\/\/pubeurope.com\/@de\/115184940225393582","error":""},"_links":{"self":[{"href":"https:\/\/www.europesays.com\/de\/wp-json\/wp\/v2\/posts\/413960","targetHints":{"allow":["GET"]}}],"collection":[{"href":"https:\/\/www.europesays.com\/de\/wp-json\/wp\/v2\/posts"}],"about":[{"href":"https:\/\/www.europesays.com\/de\/wp-json\/wp\/v2\/types\/post"}],"author":[{"embeddable":true,"href":"https:\/\/www.europesays.com\/de\/wp-json\/wp\/v2\/users\/2"}],"replies":[{"embeddable":true,"href":"https:\/\/www.europesays.com\/de\/wp-json\/wp\/v2\/comments?post=413960"}],"version-history":[{"count":0,"href":"https:\/\/www.europesays.com\/de\/wp-json\/wp\/v2\/posts\/413960\/revisions"}],"wp:featuredmedia":[{"embeddable":true,"href":"https:\/\/www.europesays.com\/de\/wp-json\/wp\/v2\/media\/413961"}],"wp:attachment":[{"href":"https:\/\/www.europesays.com\/de\/wp-json\/wp\/v2\/media?parent=413960"}],"wp:term":[{"taxonomy":"category","embeddable":true,"href":"https:\/\/www.europesays.com\/de\/wp-json\/wp\/v2\/categories?post=413960"},{"taxonomy":"post_tag","embeddable":true,"href":"https:\/\/www.europesays.com\/de\/wp-json\/wp\/v2\/tags?post=413960"}],"curies":[{"name":"wp","href":"https:\/\/api.w.org\/{rel}","templated":true}]}}