{"id":414105,"date":"2025-09-11T10:40:12","date_gmt":"2025-09-11T10:40:12","guid":{"rendered":"https:\/\/www.europesays.com\/de\/414105\/"},"modified":"2025-09-11T10:40:12","modified_gmt":"2025-09-11T10:40:12","slug":"niedersachsen-bremen-polizei-durchsucht-wohnungen-von-islamisten","status":"publish","type":"post","link":"https:\/\/www.europesays.com\/de\/414105\/","title":{"rendered":"Niedersachsen &#038; Bremen: Polizei durchsucht Wohnungen von Islamisten"},"content":{"rendered":"<p>                    Niedersachsen &amp; Bremen<br \/>\n                Polizei durchsucht Wohnungen von Islamisten<\/p>\n<p>\t\t\t\t              11.09.2025, 12:19 Uhr<\/p>\n<p><strong>Die Salafistengruppe rief im Internet zu Straftaten auf &#8211; nun haben Einsatzkr\u00e4fte verschiedene Wohnungen durchsucht und einiges gefunden.<\/strong><\/p>\n<p>Bremen (dpa\/lni) &#8211; Der Staatsschutz der Bremer Polizei hat drei Wohnungen von zwei Islamisten durchsucht und Beweismaterial wie Datentr\u00e4ger und Computer beschlagnahmt. Die beschuldigten M\u00e4nner im Alter von 24 und 30 Jahren geh\u00f6ren der islamistischen Gruppe Nur al&#8217;Ilm an, wie die Polizei mitteilte. Demnach betreibt die Organisation im Internet einen salafistischen Videokanal und verbreitete dort Anfang des Jahres volksverhetzende Inhalte. Sie rief \u00f6ffentlich zu Straftaten auf. Bei den Durchsuchungen fanden die Einsatzkr\u00e4fte bei dem 24-J\u00e4hrigen gro\u00dfe Mengen von Flyern und weitere Unterlagen der Gruppierung Nur al&#8217;Ilm.<\/p>\n","protected":false},"excerpt":{"rendered":"Niedersachsen &amp; Bremen Polizei durchsucht Wohnungen von Islamisten 11.09.2025, 12:19 Uhr Die Salafistengruppe rief im Internet zu Straftaten&hellip;\n","protected":false},"author":2,"featured_media":414106,"comment_status":"","ping_status":"","sticky":false,"template":"","format":"standard","meta":{"footnotes":""},"categories":[1824],"tags":[2420,3364,29,30,33260,1411,121,5337],"class_list":{"0":"post-414105","1":"post","2":"type-post","3":"status-publish","4":"format-standard","5":"has-post-thumbnail","7":"category-bremen","8":"tag-bremen","9":"tag-de","10":"tag-deutschland","11":"tag-germany","12":"tag-islamisten","13":"tag-niedersachsen","14":"tag-polizei","15":"tag-wohnungen"},"share_on_mastodon":{"url":"https:\/\/pubeurope.com\/@de\/115185242936947679","error":""},"_links":{"self":[{"href":"https:\/\/www.europesays.com\/de\/wp-json\/wp\/v2\/posts\/414105","targetHints":{"allow":["GET"]}}],"collection":[{"href":"https:\/\/www.europesays.com\/de\/wp-json\/wp\/v2\/posts"}],"about":[{"href":"https:\/\/www.europesays.com\/de\/wp-json\/wp\/v2\/types\/post"}],"author":[{"embeddable":true,"href":"https:\/\/www.europesays.com\/de\/wp-json\/wp\/v2\/users\/2"}],"replies":[{"embeddable":true,"href":"https:\/\/www.europesays.com\/de\/wp-json\/wp\/v2\/comments?post=414105"}],"version-history":[{"count":0,"href":"https:\/\/www.europesays.com\/de\/wp-json\/wp\/v2\/posts\/414105\/revisions"}],"wp:featuredmedia":[{"embeddable":true,"href":"https:\/\/www.europesays.com\/de\/wp-json\/wp\/v2\/media\/414106"}],"wp:attachment":[{"href":"https:\/\/www.europesays.com\/de\/wp-json\/wp\/v2\/media?parent=414105"}],"wp:term":[{"taxonomy":"category","embeddable":true,"href":"https:\/\/www.europesays.com\/de\/wp-json\/wp\/v2\/categories?post=414105"},{"taxonomy":"post_tag","embeddable":true,"href":"https:\/\/www.europesays.com\/de\/wp-json\/wp\/v2\/tags?post=414105"}],"curies":[{"name":"wp","href":"https:\/\/api.w.org\/{rel}","templated":true}]}}