{"id":414298,"date":"2025-09-11T12:27:13","date_gmt":"2025-09-11T12:27:13","guid":{"rendered":"https:\/\/www.europesays.com\/de\/414298\/"},"modified":"2025-09-11T12:27:13","modified_gmt":"2025-09-11T12:27:13","slug":"stromausfall-in-berlin-linksextreme-hinter-brandanschlag-vermutet","status":"publish","type":"post","link":"https:\/\/www.europesays.com\/de\/414298\/","title":{"rendered":"Stromausfall in Berlin: Linksextreme hinter Brandanschlag vermutet"},"content":{"rendered":"<p>Stromausfall in Berlin <\/p>\n<p>Linksextreme hinter Brandanschlag vermutet \u2013 Ermittlungen laufen<\/p>\n<p>11.09.2025 &#8211; 13:50 UhrLesedauer: 1 Min.<\/p>\n<p><a href=\"#focus-0\" class=\"transition-colors duration-200 focus-within:text-magenta block text-current relative\" data-sctrack=\"FocusGalleryImage.Reference\"><img fetchpriority=\"high\" data-testid=\"Opener.Image\" style=\"--lqipURL:url('https:\/\/images.t-online.de\/2025\/09\/x1EGMGMPVoCT\/0x106:2048x1152\/fit-in\/150x0\/filters:blur(25)\/zu-dem-brandanschlag-auf-die-stromversorgung-im-berliner-suedosten-bekannten-sich-linksextremisten-archivbild.jpg')\"   loading=\"eager\" src=\"https:\/\/www.europesays.com\/de\/wp-content\/uploads\/2025\/09\/zu-dem-brandanschlag-auf-die-stromversorgung-im-berliner-suedosten-bekannten-sich-linksextremisten-a.jpeg\" alt=\"Stromausfall im Berliner S\u00fcdosten\" title=\"Stromausfall im Berliner S\u00fcdosten\" width=\"2048\" height=\"1152\" class=\"bg-[url:var(--lqipURL)] bg-cover bg-center flex h-full w-full max-w-full\" decoding=\"async\"\/><img style=\"--width:32;--height:32\" loading=\"lazy\" src=\"https:\/\/www.t-online.de\/s\/paper\/_next\/static\/media\/zoom-in.f7dae02f.svg\" alt=\"Vergr\u00f6\u00dfern des Bildes\" title=\"Vergr\u00f6\u00dfern des Bildes\" class=\"block h-[calc(var(--height)_\/_16_*_1rem)] w-[calc(var(--width)_\/_16_*_1rem)] max-w-none absolute bottom-8 right-8 rounded-4 bg-snow p-8\" decoding=\"async\"\/><\/a><\/p>\n<p>Zu dem Brandanschlag auf die Stromversorgung im Berliner S\u00fcdosten bekannten sich Linksextremisten. (Archivbild) (Quelle: Michael Ukas\/dpa\/dpa-bilder)<\/p>\n<p class=\"font-bold text-18 leading-17\">In Berlin f\u00e4llt nach einem Brandanschlag auf Hochspannungsleitungen in rund 50.000 Haushalten der Strom aus. Jetzt ermitteln Beh\u00f6rden gegen T\u00e4ter aus dem linksextremistischen Spektrum.<\/p>\n<p class=\"text-18 leading-17\">Berlins Innensenatorin Iris Spranger (SPD) hat am Donnerstag im Abgeordnetenhaus linksextreme T\u00e4ter f\u00fcr den Brandanschlag auf die Stromversorgung im Berliner S\u00fcdosten verantwortlich gemacht. Ein im Internet ver\u00f6ffentlichtes Bekennerschreiben werde als authentisch eingesch\u00e4tzt, erkl\u00e4rte die Senatorin. Das Schreiben weise \u00c4hnlichkeiten mit einem Bekennerschreiben zu einem Brandanschlag nahe der Tesla-Autofabrik in Brandenburg im Februar auf.<\/p>\n<p class=\"text-18 leading-17\">Die Innensenatorin betonte: &#8222;Wir gehen vom T\u00e4terkreis aus dem linksextremistischen Spektrum aus. Das hei\u00dft also: Nicht aus dem Ausland, sondern aus dem Inland.&#8220; Die T\u00e4ter seien mit hoher krimineller Energie und sehr professionell vorgegangen.<\/p>\n<p class=\"text-18 leading-17\">Spranger verurteilte den Anschlag als menschenverachtend. Die T\u00e4ter h\u00e4tten den Tod von Menschen als &#8222;Kollateralschaden&#8220; in Kauf genommen. &#8222;Der Tod von Menschen darf von niemandem in Kauf genommen werden. Und dagegen m\u00fcssen wir uns alle gemeinsam stellen&#8220;, sagte sie. Die Beh\u00f6rden ermitteln mit Hochdruck nach den T\u00e4tern.<\/p>\n","protected":false},"excerpt":{"rendered":"Stromausfall in Berlin Linksextreme hinter Brandanschlag vermutet \u2013 Ermittlungen laufen 11.09.2025 &#8211; 13:50 UhrLesedauer: 1 Min. Zu dem&hellip;\n","protected":false},"author":2,"featured_media":414299,"comment_status":"","ping_status":"","sticky":false,"template":"","format":"standard","meta":{"footnotes":""},"categories":[1825],"tags":[722,17161,296,12941,1890,29,30,38305,21425,32968,184,5667,1136],"class_list":{"0":"post-414298","1":"post","2":"type-post","3":"status-publish","4":"format-standard","5":"has-post-thumbnail","7":"category-berlin","8":"tag-722","9":"tag-17161","10":"tag-berlin","11":"tag-brandanschlag","12":"tag-brandenburg","13":"tag-deutschland","14":"tag-germany","15":"tag-hochspannungsleitung","16":"tag-iris-spranger","17":"tag-linksextrem","18":"tag-spd","19":"tag-stromausfall","20":"tag-stromversorgung"},"share_on_mastodon":{"url":"https:\/\/pubeurope.com\/@de\/115185663907724385","error":""},"_links":{"self":[{"href":"https:\/\/www.europesays.com\/de\/wp-json\/wp\/v2\/posts\/414298","targetHints":{"allow":["GET"]}}],"collection":[{"href":"https:\/\/www.europesays.com\/de\/wp-json\/wp\/v2\/posts"}],"about":[{"href":"https:\/\/www.europesays.com\/de\/wp-json\/wp\/v2\/types\/post"}],"author":[{"embeddable":true,"href":"https:\/\/www.europesays.com\/de\/wp-json\/wp\/v2\/users\/2"}],"replies":[{"embeddable":true,"href":"https:\/\/www.europesays.com\/de\/wp-json\/wp\/v2\/comments?post=414298"}],"version-history":[{"count":0,"href":"https:\/\/www.europesays.com\/de\/wp-json\/wp\/v2\/posts\/414298\/revisions"}],"wp:featuredmedia":[{"embeddable":true,"href":"https:\/\/www.europesays.com\/de\/wp-json\/wp\/v2\/media\/414299"}],"wp:attachment":[{"href":"https:\/\/www.europesays.com\/de\/wp-json\/wp\/v2\/media?parent=414298"}],"wp:term":[{"taxonomy":"category","embeddable":true,"href":"https:\/\/www.europesays.com\/de\/wp-json\/wp\/v2\/categories?post=414298"},{"taxonomy":"post_tag","embeddable":true,"href":"https:\/\/www.europesays.com\/de\/wp-json\/wp\/v2\/tags?post=414298"}],"curies":[{"name":"wp","href":"https:\/\/api.w.org\/{rel}","templated":true}]}}