{"id":414479,"date":"2025-09-11T14:04:15","date_gmt":"2025-09-11T14:04:15","guid":{"rendered":"https:\/\/www.europesays.com\/de\/414479\/"},"modified":"2025-09-11T14:04:15","modified_gmt":"2025-09-11T14:04:15","slug":"sperrung-nach-unfall-in-verlautenheide","status":"publish","type":"post","link":"https:\/\/www.europesays.com\/de\/414479\/","title":{"rendered":"Sperrung nach Unfall in Verlautenheide"},"content":{"rendered":"<p class=\"Paragraph_root__UjMp8 Paragraph_default-lg-default__kHtfk articleParagraph\">Wegen eines Verkehrsunfalls an der Kreuzung Heckstra\u00dfe\/Verlautenheidener Stra\u00dfe in Aachen kommt es dort derzeit zu Verkehrsbeeintr\u00e4chtigungen, wie die Polizei mitteilt. <\/p>\n<p class=\"Paragraph_root__UjMp8 Paragraph_default-lg-default__kHtfk articleParagraph\">Der Unfall habe sich wie folgt ereignet: Ein Auto stand aus der Heckstra\u00dfe kommend an der Haltelinie und wartete darauf, in die Verlautenheidener Stra\u00dfe abbiegen zu k\u00f6nnen. Zur gleichen Zeit fuhr ein weiteres Fahrzeug die Heckstra\u00dfe entlang und fuhr schlie\u00dflich auf das wartende Auto auf. Durch die Wucht des Aufpralls ist das wartende Auto in die Kreuzung geschoben worden, wo es zum Zusammenprall mit einem weiteren Wagen kam.<\/p>\n<p class=\"Paragraph_root__UjMp8 Paragraph_default-lg-default__kHtfk articleParagraph\">Die drei beteilgten Personen sind leicht verletzt worden. <\/p>\n<p class=\"Paragraph_root__UjMp8 Paragraph_default-lg-default__kHtfk articleParagraph\">Die Kreuzung ist aktuell f\u00fcr den Fahrzeugverkehr gesperrt. Alle Verkehrsteilnehmenden werden gebeten, den Bereich gro\u00dfr\u00e4umig zu umfahren.<\/p>\n<p><a href=\"https:\/\/www.aachener-zeitung.de\/lokales\/region-aachen\/aachen\/abriss-auf-dem-chio-gelaende-in-aachener-soers-gestartet\/89426424.html\" class=\"RelatedTeaser_related-teaser__VnSAw RelatedTeaser_related-teaser--image___cimF read-more_withImage__1YJa_\" data-article-id=\"89426424\" rel=\"nofollow noopener\" target=\"_blank\"><\/p>\n<p>Lesen Sie auch:Abriss auf dem CHIO-Gel\u00e4nde in Aachener Soers gestartet<\/p>\n<p><\/a><a href=\"https:\/\/www.aachener-zeitung.de\/lokales\/region-aachen\/aachen\/razzia-scharfe-waffen-in-aachener-pizzeria\/89221465.html\" class=\"RelatedTeaser_related-teaser__VnSAw RelatedTeaser_related-teaser--image___cimF read-more_withImage__1YJa_\" data-article-id=\"89221465\" rel=\"nofollow noopener\" target=\"_blank\"><\/p>\n<p>Lesen Sie auch:Razzia: Scharfe Waffen in Aachener Pizzeria<\/p>\n<p><\/a><\/p>\n","protected":false},"excerpt":{"rendered":"Wegen eines Verkehrsunfalls an der Kreuzung Heckstra\u00dfe\/Verlautenheidener Stra\u00dfe in Aachen kommt es dort derzeit zu Verkehrsbeeintr\u00e4chtigungen, wie die&hellip;\n","protected":false},"author":2,"featured_media":414480,"comment_status":"","ping_status":"","sticky":false,"template":"","format":"standard","meta":{"footnotes":""},"categories":[1853],"tags":[1424,3364,29,548,663,3934,30,13,14,15,1209,12],"class_list":{"0":"post-414479","1":"post","2":"type-post","3":"status-publish","4":"format-standard","5":"has-post-thumbnail","7":"category-aachen","8":"tag-aachen","9":"tag-de","10":"tag-deutschland","11":"tag-eu","12":"tag-europa","13":"tag-europe","14":"tag-germany","15":"tag-headlines","16":"tag-nachrichten","17":"tag-news","18":"tag-nordrhein-westfalen","19":"tag-schlagzeilen"},"share_on_mastodon":{"url":"https:\/\/pubeurope.com\/@de\/115186045022149162","error":""},"_links":{"self":[{"href":"https:\/\/www.europesays.com\/de\/wp-json\/wp\/v2\/posts\/414479","targetHints":{"allow":["GET"]}}],"collection":[{"href":"https:\/\/www.europesays.com\/de\/wp-json\/wp\/v2\/posts"}],"about":[{"href":"https:\/\/www.europesays.com\/de\/wp-json\/wp\/v2\/types\/post"}],"author":[{"embeddable":true,"href":"https:\/\/www.europesays.com\/de\/wp-json\/wp\/v2\/users\/2"}],"replies":[{"embeddable":true,"href":"https:\/\/www.europesays.com\/de\/wp-json\/wp\/v2\/comments?post=414479"}],"version-history":[{"count":0,"href":"https:\/\/www.europesays.com\/de\/wp-json\/wp\/v2\/posts\/414479\/revisions"}],"wp:featuredmedia":[{"embeddable":true,"href":"https:\/\/www.europesays.com\/de\/wp-json\/wp\/v2\/media\/414480"}],"wp:attachment":[{"href":"https:\/\/www.europesays.com\/de\/wp-json\/wp\/v2\/media?parent=414479"}],"wp:term":[{"taxonomy":"category","embeddable":true,"href":"https:\/\/www.europesays.com\/de\/wp-json\/wp\/v2\/categories?post=414479"},{"taxonomy":"post_tag","embeddable":true,"href":"https:\/\/www.europesays.com\/de\/wp-json\/wp\/v2\/tags?post=414479"}],"curies":[{"name":"wp","href":"https:\/\/api.w.org\/{rel}","templated":true}]}}