{"id":414572,"date":"2025-09-11T14:53:12","date_gmt":"2025-09-11T14:53:12","guid":{"rendered":"https:\/\/www.europesays.com\/de\/414572\/"},"modified":"2025-09-11T14:53:12","modified_gmt":"2025-09-11T14:53:12","slug":"pippi-langstrumpf-wird-80-wie-alles-begann-und-wo-kinder-in-pippis-bunte-welt-eintauchen-koennen","status":"publish","type":"post","link":"https:\/\/www.europesays.com\/de\/414572\/","title":{"rendered":"Pippi Langstrumpf wird 80: Wie alles begann und wo Kinder in Pippis bunte Welt eintauchen k\u00f6nnen"},"content":{"rendered":"<p>#bemorepippi \u2013 das st\u00e4rkste M\u00e4dchen der Welt wird 80! Wie alles begann &amp; wo die ganze Familie in einem Mitmachtheater der Kulturenm\u00fchle in Pippis Welt eintauchen kann.<\/p>\n<p>\u201eIch mach mir die Welt, widdewidde wie sie mir gef\u00e4llt.\u201c Jedes Kind und wohl auch fast jeder Erwachsene wei\u00df, von wem dieser Spruch stammt. Die Rede ist nat\u00fcrlich von Pippi Langstrumpf, die dieses Jahr ihren 80. Geburtstag feiert.<\/p>\n<p>Die Geschichte von Pippi beginnt eines Abends im Kinderbett von Karin, der Tochter von <a href=\"https:\/\/www.stuttgarter-nachrichten.de\/thema\/Astrid_Lindgren\" title=\"Astrid Lindgren\" class=\"art_thema\" rel=\"nofollow noopener\" target=\"_blank\">Astrid Lindgren<\/a>. Karin, die gerade einmal sieben Jahre alt war, lag mit einer Lungenentz\u00fcndung im Bett und bat ihre Mutter ihr eine Geschichte zu erz\u00e4hlen. Nun hatte Astrid sie aber schon den ganzen Tag bespa\u00dft und Geschichten erz\u00e4hlt und sagte ihrer Tochter, ihr fielen jetzt wirklich keine mehr ein. Daraufhin sagte Karin: \u201eErz\u00e4hl mir etwas von Pippi Langstrumpf!\u201c In diesem Moment hatte sich das M\u00e4dchen einer der bekanntesten Kinderbuchfiguren der Welt ausgedacht. <\/p>\n<p> Astrid Lindgren wollte eigentlich nie ein <a href=\"https:\/\/www.stuttgarter-nachrichten.de\/thema\/Buch\" title=\"Buch\" class=\"art_thema\" rel=\"nofollow noopener\" target=\"_blank\">Buch<\/a> schreiben <\/p>\n<p>\u201eDa es ein seltsamer Name war, wurde es auch ein seltsames M\u00e4dchen\u201c, sagte Astrid Lindgren sp\u00e4ter. In den n\u00e4chsten Jahren erfand sie immer weitere Geschichten \u00fcber diese Pippi f\u00fcr Karin und ihre Freunde. Doch ein Buch schreiben wollte sie nicht. Schon seit ihr in der Kindheit eine Schriftstellerkarriere prophezeit worden war &#8211; als Vimmerbys Selma Lagerl\u00f6f &#8211; habe sie nie B\u00fccher schreiben wollen : \u201eDas entsetzte mich derart, dass ich einen f\u00f6rmlichen Beschluss fasste: Niemals w\u00fcrde ich ein Buch schreiben. Ich hielt mich nicht f\u00fcr berufen, den B\u00fccherstapel noch h\u00f6her anwachsen zu lassen.\u201c<\/p>\n<p>Als Astrid Lindgren aber an einem Fr\u00fchlingstag im M\u00e4rz 1944 auf einer Eisfl\u00e4che im Stockholmer Vasapark ausrutschte und danach mit einem verstauchten Fu\u00df im Bett liegen bleiben musste, schrieb sie die Geschichten \u00fcber Pippi auf, um ihre Langeweile zu vertreiben. Es wurde ein Geschenk zu Karins zehnten Geburtstag am 21. Mai. <\/p>\n<p>  <img decoding=\"async\" loading=\"lazy\" src=\"https:\/\/www.europesays.com\/de\/wp-content\/uploads\/2025\/09\/media.media.c655c8f5-1bd1-4b91-97ae-c2d16249b7fb.original1024.media.jpeg\"\/>     Der Limonadenbaum aus Pippi Langstrumpf ist von dieser Ulme bei Astrid Lindgrens Elternhaus in Vimmerby inspiriert    Foto: Berit B\u00f6bel    <\/p>\n<p>Zur selben Zeit reichte Lindgren ihr Buch \u201eBritt-Mari erleichtert ihr Herz\u201c beim Wettbewerb des Verlags Rab\u00e9n &amp; Sj\u00f6gren ein \u2013 und gewann den zweiten Preis. Das Buch erschien 1944 und markierte ihr Deb\u00fct als Autorin. Ein Jahr sp\u00e4ter ver\u00f6ffentlichte sie dort die \u00fcberarbeitete Pippi Langstrumpf. Zuvor hatte ein anderer Verlag Pippi abgelehnt, weil sie zu wild und grob sei. Das urspr\u00fcngliche Manuskript erschien erst 2007 zum 100. Geburtstag der Autorin unter dem Titel Ur-Pippi.<\/p>\n<p>Zum 80. Jubil\u00e4um hat die Astrid Lindgren Company die Kampagne #BeMorePippi ins Leben gerufen. Sie soll dazu inspirieren, die Welt durch Pippis Augen zu sehen \u2013 mit St\u00e4rke und Mut, Normen zu hinterfragen und sich auf die Seite der Schwachen gegen Tyrannen und Machtmissbrauch zu stellen. <\/p>\n<p>Wer in <a href=\"https:\/\/www.stuttgarter-nachrichten.de\/thema\/Stuttgart\" title=\"Stuttgart\" class=\"art_thema\" rel=\"nofollow noopener\" target=\"_blank\">Stuttgart<\/a> auch gerne wieder mehr wie Pippi sein m\u00f6chte, kann am 4. Oktober beim Mitmachtheater der Kulturenm\u00fchle in die Welt von Pippi Langstrumpf eintauchen. In 90-min\u00fctigen Zeitslots erleben <a href=\"https:\/\/www.stuttgarter-nachrichten.de\/thema\/Kinder\" title=\"Kinder\" class=\"art_thema\" rel=\"nofollow noopener\" target=\"_blank\">Kinder<\/a> mit Ihren Eltern Spiele rund um das Thema Pippi Langstrumpf. <\/p>\n<p>\u201eEs ist ein Angebot, bei dem Kinder ersp\u00fcren k\u00f6nnen, ob sie Lust auf <a href=\"https:\/\/www.stuttgarter-nachrichten.de\/thema\/Theater\" title=\"Theater\" class=\"art_thema\" rel=\"nofollow noopener\" target=\"_blank\">Theater<\/a> haben. Da sie in Begleitung ihrer Eltern kommen k\u00f6nnen, ist das Programm auch f\u00fcr sehr junge Menschen ab 4 Jahren geeignet. Die Kinder k\u00f6nnen sich verkleiden und auch mal Pirat oder R\u00e4uber sein\u201c, erkl\u00e4rt Kulturenm\u00fchle-Leiterin B\u00e4rbl Kehrer, die Workshops und Ensembleunterricht f\u00fcr Kinder und Erwachsene anbietet. <\/p>\n<p> Mit der ganzen <a href=\"https:\/\/www.stuttgarter-nachrichten.de\/thema\/Familie\" title=\"Familie\" class=\"art_thema\" rel=\"nofollow noopener\" target=\"_blank\">Familie<\/a> ins Theater spielen reinschnuppern <\/p>\n<p>\u201eMit einfachen \u00dcbungen werden die Kinder dann ganz sanft an das Theaterspiel herangef\u00fchrt\u201c, sagt Kehrer. Die Theaterp\u00e4dagogin orientiert sich bei ihren Projekten oft an bekannten Autoren. Dieses Mal hat sie sich f\u00fcr Astrid Lindgren entschieden: \u201eIch kann mich selbst noch erinnern an meine Kinderzeit, das war schon eine sehr beliebte Figur, weil sie eben so frei lebt und ein hohes Ma\u00df an Autonomie vermittelt. Das ist denke ich das, was Kinder prinzipiell interessiert und ihnen Spa\u00df macht.\u201c<\/p>\n<p> Info <\/p>\n<p class=\"infobox\"> <strong>Daten<\/strong><br \/>Am 4. Oktober, empfohlen f\u00fcr Familien mit Kindern zwischen vier und acht Jahren in der Kronenstra\u00dfe 36, n\u00e4he Hauptbahnhof. <\/p>\n<p class=\"infobox\"> <strong>Tickets <\/strong><br \/>kosten 5 Euro. Erh\u00e4ltlich im <a href=\"https:\/\/kulturenmuehle.de\/ticket-shop\" target=\"_blank\" rel=\"nofollow noopener\">Ticketshop der Kulturenm\u00fchle<\/a> und auf <a href=\"https:\/\/www.eventim.de\/eventseries\/pippi-langstrumpf-mitmachtheater-kulturenmuehle-stuttgart-3971127\/?srsltid=AfmBOooNSJ9Nk1J5xX--LrObuxXAprOLFKi7NMk-pR6GlrH8VvHsEiTU\" target=\"_blank\" rel=\"nofollow noopener\">Eventim <\/a> <\/p>\n","protected":false},"excerpt":{"rendered":"#bemorepippi \u2013 das st\u00e4rkste M\u00e4dchen der Welt wird 80! Wie alles begann &amp; wo die ganze Familie in&hellip;\n","protected":false},"author":2,"featured_media":414573,"comment_status":"","ping_status":"","sticky":false,"template":"","format":"standard","meta":{"footnotes":""},"categories":[1830],"tags":[59739,1634,1797,3364,29,553,30,1114,11706,47873,1441,94],"class_list":{"0":"post-414572","1":"post","2":"type-post","3":"status-publish","4":"format-standard","5":"has-post-thumbnail","7":"category-stuttgart","8":"tag-astrid-lindgren","9":"tag-baden-wuerttemberg","10":"tag-buch","11":"tag-de","12":"tag-deutschland","13":"tag-familie","14":"tag-germany","15":"tag-kinder","16":"tag-kinderbuch","17":"tag-pippi-langstrumpf","18":"tag-stuttgart","19":"tag-theater"},"share_on_mastodon":{"url":"https:\/\/pubeurope.com\/@de\/115186238258028739","error":""},"_links":{"self":[{"href":"https:\/\/www.europesays.com\/de\/wp-json\/wp\/v2\/posts\/414572","targetHints":{"allow":["GET"]}}],"collection":[{"href":"https:\/\/www.europesays.com\/de\/wp-json\/wp\/v2\/posts"}],"about":[{"href":"https:\/\/www.europesays.com\/de\/wp-json\/wp\/v2\/types\/post"}],"author":[{"embeddable":true,"href":"https:\/\/www.europesays.com\/de\/wp-json\/wp\/v2\/users\/2"}],"replies":[{"embeddable":true,"href":"https:\/\/www.europesays.com\/de\/wp-json\/wp\/v2\/comments?post=414572"}],"version-history":[{"count":0,"href":"https:\/\/www.europesays.com\/de\/wp-json\/wp\/v2\/posts\/414572\/revisions"}],"wp:featuredmedia":[{"embeddable":true,"href":"https:\/\/www.europesays.com\/de\/wp-json\/wp\/v2\/media\/414573"}],"wp:attachment":[{"href":"https:\/\/www.europesays.com\/de\/wp-json\/wp\/v2\/media?parent=414572"}],"wp:term":[{"taxonomy":"category","embeddable":true,"href":"https:\/\/www.europesays.com\/de\/wp-json\/wp\/v2\/categories?post=414572"},{"taxonomy":"post_tag","embeddable":true,"href":"https:\/\/www.europesays.com\/de\/wp-json\/wp\/v2\/tags?post=414572"}],"curies":[{"name":"wp","href":"https:\/\/api.w.org\/{rel}","templated":true}]}}