{"id":414789,"date":"2025-09-11T16:48:16","date_gmt":"2025-09-11T16:48:16","guid":{"rendered":"https:\/\/www.europesays.com\/de\/414789\/"},"modified":"2025-09-11T16:48:16","modified_gmt":"2025-09-11T16:48:16","slug":"zahlen-daten-fakten-zum-auswaertsspiel-bei-borussia-moenchengladbach","status":"publish","type":"post","link":"https:\/\/www.europesays.com\/de\/414789\/","title":{"rendered":"Zahlen, Daten &#038; Fakten zum Ausw\u00e4rtsspiel bei Borussia M\u00f6nchengladbach"},"content":{"rendered":"<p><strong>Nach der L\u00e4nderspielpause sind unsere Gr\u00fcn-Wei\u00dfen am sp\u00e4ten Sonntagnachmittag, 14.09.2025, um 17.30 Uhr (live auf <\/strong><strong><a uuid=\"null\" target=\"_blank\" href=\"https:\/\/www.dazn.com\/de-DE\/home\" rel=\"nofollow noopener\">DAZN<\/a><\/strong><strong> und im Ticker auf WERDER.DE) bei Borussia M\u00f6nchengladbach gefordert. W\u00e4hrend abschlussfreudige \u201eFohlen\u201c noch auf ihr erstes Ligator warten, will der SVW den R\u00fcckenwind aus dem Last-Minute-Punktgewinn gegen Leverkusen mit an den Niederrhein nehmen und dort den ersten Dreier seit 2010 einfahren.<\/strong><\/p>\n<p><strong>Warten auf das Tor: <\/strong>W\u00e4hrend das Team von Cheftrainer Gerardo Seoane<strong> <\/strong>beim knappen Erfolg im DFB-Pokal bei Oberligist Atlas Delmenhorst immerhin dreifach treffen konnte, dr\u00fcckt in der Liga noch der Schuh bzw. aus Fohlensicht der Huf. Nach einem 0:0 zuhause gegen den Aufsteiger aus Hamburg setzte es beim VfB Stuttgart eine 0:1-Niederlage. Dabei zeigten sich die Gladbacher mit insgesamt 30 Torsch\u00fcssen als besonders abschlussfreudig (Platz 4 in der Liga) allerdings sprang auch nur eine Gro\u00dfchance heraus. Es fehlt dem Team also nicht nur an Effizienz, sondern auch an Pr\u00e4zision, weshalb die Verpflichtung von Dortmunds Giovanni Reyna f\u00fcr zus\u00e4tzlich kreative Impulse sorgen soll.<\/p>\n<p><strong>Neuzug\u00e4nge noch ohne Z\u00fcndstoff:<\/strong> Durch den Ausfall von Tim Kleindienst, dem Toptorsch\u00fctzen der vergangenen Saison mit 16 Toren in 31 Ligaspielen, fehlt der Borussia zudem ein klassischer Mittelst\u00fcrmer als Abnehmer. Denn weder Haris Tabakovic noch Shuto Machino konnten als Neuzug\u00e4nge den Nationalangreifer bisher ad\u00e4quat ersetzen. Mut machen d\u00fcrfte allen VfL-Fans allerdings der 2:0-Testspielsieg in der L\u00e4nderspielpause gegen Schalke 04. Hier gaben Leihspieler Yannik Engelhardt und der angesprochene Reyna ein ordentliches Deb\u00fct.<\/p>\n<p><strong>Gr\u00fcn-Wei\u00dfe Gro\u00dfchancen-Verwertung: <\/strong>Anders sieht es da bei unseren Gr\u00fcn-Wei\u00dfen aus, die bereits viermal zum Torerfolg kamen. Zwei Kontertore sind in dieser Kategorie sogar Ligabestwert. Und auch beim Erspielen von Gro\u00dfchancen ist die Mannschaft von Cheftrainer Horst Steffen im oberen Tabellendrittel (Platz sechs bei drei Gro\u00dfchancen) und setzt in der Verwertung dieser sogar noch einen drauf: 66,7 Prozent landeten im Netz des Gegners, lediglich Augsburg und K\u00f6ln sind mit einer 100 Prozent-Quote noch treffsicherer.<\/p>\n<p><strong>Gefahr von Au\u00dfen: <\/strong>Im Spielsystem von Seoane ist ein klares Muster zu erkennen und das soll vor allem \u00fcber die Fl\u00fcgel mit den schnellen und wendigen Au\u00dfen Robin Hack und Franck Honorat stattfinden, wie die Zahlen aufzeigen. Nur Mainz 05 schlug mehr Flanken aus dem Spiel heraus als M\u00f6nchengladbach (35). 17 zus\u00e4tzliche Ecken (die meisten hinter Mainz) ergeben besonders viele Abschl\u00fcsse per Kopf. Nur der VfB Stuttgart gab in dieser Kategorie mehr Torsch\u00fcsse ab als die Fohlen (8).<\/p>\n","protected":false},"excerpt":{"rendered":"Nach der L\u00e4nderspielpause sind unsere Gr\u00fcn-Wei\u00dfen am sp\u00e4ten Sonntagnachmittag, 14.09.2025, um 17.30 Uhr (live auf DAZN und im&hellip;\n","protected":false},"author":2,"featured_media":408935,"comment_status":"","ping_status":"","sticky":false,"template":"","format":"standard","meta":{"footnotes":""},"categories":[1849],"tags":[3364,29,548,663,3934,30,13,4455,14,15,1209,12],"class_list":{"0":"post-414789","1":"post","2":"type-post","3":"status-publish","4":"format-standard","5":"has-post-thumbnail","7":"category-moenchengladbach","8":"tag-de","9":"tag-deutschland","10":"tag-eu","11":"tag-europa","12":"tag-europe","13":"tag-germany","14":"tag-headlines","15":"tag-moenchengladbach","16":"tag-nachrichten","17":"tag-news","18":"tag-nordrhein-westfalen","19":"tag-schlagzeilen"},"share_on_mastodon":{"url":"https:\/\/pubeurope.com\/@de\/115186690078907273","error":""},"_links":{"self":[{"href":"https:\/\/www.europesays.com\/de\/wp-json\/wp\/v2\/posts\/414789","targetHints":{"allow":["GET"]}}],"collection":[{"href":"https:\/\/www.europesays.com\/de\/wp-json\/wp\/v2\/posts"}],"about":[{"href":"https:\/\/www.europesays.com\/de\/wp-json\/wp\/v2\/types\/post"}],"author":[{"embeddable":true,"href":"https:\/\/www.europesays.com\/de\/wp-json\/wp\/v2\/users\/2"}],"replies":[{"embeddable":true,"href":"https:\/\/www.europesays.com\/de\/wp-json\/wp\/v2\/comments?post=414789"}],"version-history":[{"count":0,"href":"https:\/\/www.europesays.com\/de\/wp-json\/wp\/v2\/posts\/414789\/revisions"}],"wp:featuredmedia":[{"embeddable":true,"href":"https:\/\/www.europesays.com\/de\/wp-json\/wp\/v2\/media\/408935"}],"wp:attachment":[{"href":"https:\/\/www.europesays.com\/de\/wp-json\/wp\/v2\/media?parent=414789"}],"wp:term":[{"taxonomy":"category","embeddable":true,"href":"https:\/\/www.europesays.com\/de\/wp-json\/wp\/v2\/categories?post=414789"},{"taxonomy":"post_tag","embeddable":true,"href":"https:\/\/www.europesays.com\/de\/wp-json\/wp\/v2\/tags?post=414789"}],"curies":[{"name":"wp","href":"https:\/\/api.w.org\/{rel}","templated":true}]}}