{"id":414793,"date":"2025-09-11T16:51:13","date_gmt":"2025-09-11T16:51:13","guid":{"rendered":"https:\/\/www.europesays.com\/de\/414793\/"},"modified":"2025-09-11T16:51:13","modified_gmt":"2025-09-11T16:51:13","slug":"wo-ist-noch-platz-fuer-windraeder-im-landkreis-augsburg","status":"publish","type":"post","link":"https:\/\/www.europesays.com\/de\/414793\/","title":{"rendered":"Wo ist noch Platz f\u00fcr Windr\u00e4der im Landkreis Augsburg?"},"content":{"rendered":"<p class=\"mb-6 text-xs md:text-m lg:text-l font-serif group-[.font-sans]:font-sans \">\n    Sobald es darum geht, wo ein neues Windrad entstehen k\u00f6nnte, gibt es in der Regel Streit. Die einen sehen darin einen wichtigen Beitrag f\u00fcrs Klima und eine sinnvolle M\u00f6glichkeit, Energie zu gewinnen. Andere sorgen sich um V\u00f6gel oder Flederm\u00e4use, die durch Windr\u00e4der get\u00f6tet werden k\u00f6nnten. Anwohnerinnen und Anwohner f\u00fcrchten sich vor dem Ger\u00e4usch der riesigen Anlagen oder dem Schattenwurf. Und Eigent\u00fcmer sehen den Wert ihrer Grundst\u00fccke in Gefahr. <a href=\"https:\/\/www.augsburger-allgemeine.de\/augsburg-land\/windkraft-im-holzwinkel-waldschutzbuendnis-wehrt-sich-gegen-umzingelung-109084920\" target=\"_self\" class=\"underline \" rel=\"nofollow noopener\">So ist das jedenfalls in der Vergangenheit praktisch immer gewesen,<\/a> wenn es um m\u00f6gliche Standorte f\u00fcr Windr\u00e4der geht. Dabei gilt im Freistaat das Ziel: 1,1 Prozent der Fl\u00e4che Bayerns soll bis 2027 f\u00fcr Windenergie ausgewiesen werden. Im Landkreis sei dieses Ziel l\u00e4ngst erreicht, berichtet Landrat <a href=\"https:\/\/www.augsburger-allgemeine.de\/personen\/aa-martin-sailer\" target=\"_self\" class=\"underline \" rel=\"nofollow noopener\">Martin Sailer<\/a>. Er pr\u00e4sentierte den B\u00fcrgermeisterinnen und B\u00fcrgermeistern nun einen Plan.\n  <\/p>\n<ul data-module-id=\"DragDropModule\" class=\"flex flex-wrap justify-start group-[.no-bookmarks]:hidden\">\n<li class=\"mb-3 mr-3\">\n    Philipp Kinne<\/p>\n<p>      Icon Haken im Kreis gesetzt<\/p>\n<p>      Icon Plus im Kreis<\/p>\n<\/li>\n<li class=\"mb-3 mr-3\">\n    Windrad<\/p>\n<p>      Icon Haken im Kreis gesetzt<\/p>\n<p>      Icon Plus im Kreis<\/p>\n<\/li>\n<li class=\"mb-3 mr-3\">\n    Martin Sailer<\/p>\n<p>      Icon Haken im Kreis gesetzt<\/p>\n<p>      Icon Plus im Kreis<\/p>\n<\/li>\n<\/ul>\n","protected":false},"excerpt":{"rendered":"Sobald es darum geht, wo ein neues Windrad entstehen k\u00f6nnte, gibt es in der Regel Streit. Die einen&hellip;\n","protected":false},"author":2,"featured_media":414794,"comment_status":"","ping_status":"","sticky":false,"template":"","format":"standard","meta":{"footnotes":""},"categories":[1846],"tags":[680,772,3364,29,548,663,3934,30,13,14,15,12],"class_list":{"0":"post-414793","1":"post","2":"type-post","3":"status-publish","4":"format-standard","5":"has-post-thumbnail","7":"category-augsburg","8":"tag-augsburg","9":"tag-bayern","10":"tag-de","11":"tag-deutschland","12":"tag-eu","13":"tag-europa","14":"tag-europe","15":"tag-germany","16":"tag-headlines","17":"tag-nachrichten","18":"tag-news","19":"tag-schlagzeilen"},"share_on_mastodon":{"url":"https:\/\/pubeurope.com\/@de\/115186701710549890","error":""},"_links":{"self":[{"href":"https:\/\/www.europesays.com\/de\/wp-json\/wp\/v2\/posts\/414793","targetHints":{"allow":["GET"]}}],"collection":[{"href":"https:\/\/www.europesays.com\/de\/wp-json\/wp\/v2\/posts"}],"about":[{"href":"https:\/\/www.europesays.com\/de\/wp-json\/wp\/v2\/types\/post"}],"author":[{"embeddable":true,"href":"https:\/\/www.europesays.com\/de\/wp-json\/wp\/v2\/users\/2"}],"replies":[{"embeddable":true,"href":"https:\/\/www.europesays.com\/de\/wp-json\/wp\/v2\/comments?post=414793"}],"version-history":[{"count":0,"href":"https:\/\/www.europesays.com\/de\/wp-json\/wp\/v2\/posts\/414793\/revisions"}],"wp:featuredmedia":[{"embeddable":true,"href":"https:\/\/www.europesays.com\/de\/wp-json\/wp\/v2\/media\/414794"}],"wp:attachment":[{"href":"https:\/\/www.europesays.com\/de\/wp-json\/wp\/v2\/media?parent=414793"}],"wp:term":[{"taxonomy":"category","embeddable":true,"href":"https:\/\/www.europesays.com\/de\/wp-json\/wp\/v2\/categories?post=414793"},{"taxonomy":"post_tag","embeddable":true,"href":"https:\/\/www.europesays.com\/de\/wp-json\/wp\/v2\/tags?post=414793"}],"curies":[{"name":"wp","href":"https:\/\/api.w.org\/{rel}","templated":true}]}}