{"id":414999,"date":"2025-09-11T18:39:12","date_gmt":"2025-09-11T18:39:12","guid":{"rendered":"https:\/\/www.europesays.com\/de\/414999\/"},"modified":"2025-09-11T18:39:12","modified_gmt":"2025-09-11T18:39:12","slug":"fussball-2-bundesliga-ksc-lob-fuer-neuzugaenge-warnung-vor-nuernberg","status":"publish","type":"post","link":"https:\/\/www.europesays.com\/de\/414999\/","title":{"rendered":"Fu\u00dfball | 2. Bundesliga: KSC: Lob f\u00fcr Neuzug\u00e4nge &#8211; Warnung vor N\u00fcrnberg"},"content":{"rendered":"<p class=\"metatextline\">Stand: 11.09.2025 18:38 Uhr<\/p>\n<p class=\"textabsatz columns twelve  m-ten  m-offset-one l-eight l-offset-two\">\n        <strong>Der 1. FC N\u00fcrnberg reist schwer angeschlagen nach Karlsruhe. KSC-Trainer Christian Eichner will sich davon nicht beirren lassen. Ein Duo darf auf seine Startelf-Premiere hoffen.<\/strong>\n    <\/p>\n<p class=\"textabsatz m-ten m-offset-one l-eight l-offset-two columns twelve\">\nTrainer Christian Eichner vom Karlsruher SC will sich vom Fehlstart des 1. FC N\u00fcrnberg nicht blenden lassen. Mit einer &#8222;gro\u00dfen Portion Vorsicht&#8220; m\u00fcsse man an das Duell mit den Franken in der 2. Bundesliga am Samstag (13 Uhr) herangehen, meinte der Coach. Sein Team sieht er gut vorbereitet: &#8222;Ich bin sehr zufrieden mit der Woche und der L\u00e4nderspielpause insgesamt.&#8220;<\/p>\n<p class=\"textabsatz m-ten m-offset-one l-eight l-offset-two columns twelve\">\nDoch Vorsicht ist geboten: Man d\u00fcrfe die N\u00fcrnberger &#8222;nicht anhand der Tabellenposition bewerten&#8220;, sagte Eichner \u00fcber die von Ex-Weltklasse-St\u00fcrmer Miroslav Klose trainierten N\u00fcrnberger. Der FCN ist nach vier Spieltagen Tabellenletzter &#8211; mit gerade mal einem Punkt. Dazu blamierte sich Kloses Mannschaft im DFB-Pokal mit dem Erstrunden-Aus beim Regionalligisten FV Illertissen.<\/p>\n<p class=\"textabsatz m-ten m-offset-one l-eight l-offset-two columns twelve\">\nBei den sp\u00e4ten Niederlagen in Elversberg (0:1) und gegen Darmstadt (0:1) h\u00e4tten die N\u00fcrnberger &#8222;den Dolchsto\u00df in den letzten Minuten&#8220; bekommen, so Eichner. Das mache etwas mit einem Team.<\/p>\n<p>    Lob f\u00fcr Fukuda und F\u00f6rster<\/p>\n<p class=\"textabsatz m-ten m-offset-one l-eight l-offset-two columns twelve\">\nDer KSC ist nach den ersten f\u00fcnf Pflichtspielen der Saison indes noch ungeschlagen und holte in der Liga bislang acht Punkte. Die Neuzug\u00e4nge Shio Fukuda und Philipp F\u00f6rster, die beim 0:0 bei Fortuna D\u00fcsseldorf vor der L\u00e4nderspielpause eingewechselt worden waren, h\u00e4tten &#8222;berechtige Anspr\u00fcche&#8220; auf einen Einsatz von Anfang an, meinte Eichner. Der von Werder Bremen verpflichtete Leon Opitz hingegen brauche wohl noch etwas Zeit.<\/p>\n<p class=\"textabsatz m-ten m-offset-one l-eight l-offset-two columns twelve\">Sendung am Do., 11.9.2025 18:40 Uhr, SWR1 Baden-W\u00fcrttemberg<\/p>\n<p>                                        <a class=\"backlink__link\" href=\"https:\/\/www.swr.de\/sport\/fussball\/ksc-nuernberg-vorbericht-100.html\" target=\"_blank\" rel=\"noopener\"><\/p>\n<p>                                                <img decoding=\"async\" src=\"https:\/\/images.sportschau.de\/image\/d14251d0-d158-4797-a47c-e97e1e58a56b\/AAABlap_vas\/AAABmKJi16M\/original\/lra-swr-logo-100.svg\" alt=\"S\u00fcdwestrundfunk\"\/><\/p>\n<p>                                        <\/a><\/p>\n","protected":false},"excerpt":{"rendered":"Stand: 11.09.2025 18:38 Uhr Der 1. FC N\u00fcrnberg reist schwer angeschlagen nach Karlsruhe. KSC-Trainer Christian Eichner will sich&hellip;\n","protected":false},"author":2,"featured_media":415000,"comment_status":"","ping_status":"","sticky":false,"template":"","format":"standard","meta":{"footnotes":""},"categories":[1837],"tags":[772,3364,29,30,3850,3783,265,1755],"class_list":{"0":"post-414999","1":"post","2":"type-post","3":"status-publish","4":"format-standard","5":"has-post-thumbnail","7":"category-nuernberg","8":"tag-bayern","9":"tag-de","10":"tag-deutschland","11":"tag-germany","12":"tag-karlsruher-sc","13":"tag-nuernberg","14":"tag-sport","15":"tag-swr"},"share_on_mastodon":{"url":"https:\/\/pubeurope.com\/@de\/115187126678298965","error":""},"_links":{"self":[{"href":"https:\/\/www.europesays.com\/de\/wp-json\/wp\/v2\/posts\/414999","targetHints":{"allow":["GET"]}}],"collection":[{"href":"https:\/\/www.europesays.com\/de\/wp-json\/wp\/v2\/posts"}],"about":[{"href":"https:\/\/www.europesays.com\/de\/wp-json\/wp\/v2\/types\/post"}],"author":[{"embeddable":true,"href":"https:\/\/www.europesays.com\/de\/wp-json\/wp\/v2\/users\/2"}],"replies":[{"embeddable":true,"href":"https:\/\/www.europesays.com\/de\/wp-json\/wp\/v2\/comments?post=414999"}],"version-history":[{"count":0,"href":"https:\/\/www.europesays.com\/de\/wp-json\/wp\/v2\/posts\/414999\/revisions"}],"wp:featuredmedia":[{"embeddable":true,"href":"https:\/\/www.europesays.com\/de\/wp-json\/wp\/v2\/media\/415000"}],"wp:attachment":[{"href":"https:\/\/www.europesays.com\/de\/wp-json\/wp\/v2\/media?parent=414999"}],"wp:term":[{"taxonomy":"category","embeddable":true,"href":"https:\/\/www.europesays.com\/de\/wp-json\/wp\/v2\/categories?post=414999"},{"taxonomy":"post_tag","embeddable":true,"href":"https:\/\/www.europesays.com\/de\/wp-json\/wp\/v2\/tags?post=414999"}],"curies":[{"name":"wp","href":"https:\/\/api.w.org\/{rel}","templated":true}]}}