{"id":416123,"date":"2025-09-12T04:59:10","date_gmt":"2025-09-12T04:59:10","guid":{"rendered":"https:\/\/www.europesays.com\/de\/416123\/"},"modified":"2025-09-12T04:59:10","modified_gmt":"2025-09-12T04:59:10","slug":"was-ein-prozess-in-chemnitz-ueber-eine-mutmassliche-hochstaplerin-offenbart","status":"publish","type":"post","link":"https:\/\/www.europesays.com\/de\/416123\/","title":{"rendered":"Was ein Prozess in Chemnitz \u00fcber eine mutma\u00dfliche Hochstaplerin offenbart"},"content":{"rendered":"<p class=\"bold\">\n\t\t\t\t\t\t\t\t\t\tWeil sie mit einem Netzwerk von Vereinen F\u00f6rdermittel in gro\u00dfer H\u00f6he abgegriffen haben, sind mehrere Personen am Landgericht angeklagt. Am zweiten Verhandlungstag kamen weitere pikante Details ans Licht.\t\t\t\t<\/p>\n<p>\t\t\t\t Als Daniela B. 2004 aus dem Westen ins Erzgebirge zieht, hat sie fast nichts. Die 34-J\u00e4hrige ist arbeitslos und hat vermutlich schon eine Privatinsolvenz hinter sich. Bekannten erz\u00e4hlt sie, sie habe Leuk\u00e4mie. Doch schon wenig sp\u00e4ter wird sie mit Preisen \u00fcberh\u00e4uft. 2007 wird sie als Rednerin nach Br\u00fcssel eingeladen, um \u00fcber das Ehrenamt in&#8230;<\/p>\n<p>\t\t<img decoding=\"async\" class=\"fp-plus-logo\" src=\"https:\/\/www.freiepresse.de\/img\/fpplus.svg\" alt=\"Freie Presse plus Logo\"\/><\/p>\n<p>Registrieren und testen.<\/p>\n<p>Jetzt mit Ihrer Registrierung 1 Monat gratis testen und alle Beitr\u00e4ge lesen.<\/p>\n<p>Schon Abonnent? Melden Sie sich mit ihren Zugangsdaten an.<\/p>\n","protected":false},"excerpt":{"rendered":"Weil sie mit einem Netzwerk von Vereinen F\u00f6rdermittel in gro\u00dfer H\u00f6he abgegriffen haben, sind mehrere Personen am Landgericht&hellip;\n","protected":false},"author":2,"featured_media":416124,"comment_status":"","ping_status":"","sticky":false,"template":"","format":"standard","meta":{"footnotes":""},"categories":[1851],"tags":[2770,3364,29,548,663,3934,18853,30,13,14,15,859,12],"class_list":{"0":"post-416123","1":"post","2":"type-post","3":"status-publish","4":"format-standard","5":"has-post-thumbnail","7":"category-chemnitz","8":"tag-chemnitz","9":"tag-de","10":"tag-deutschland","11":"tag-eu","12":"tag-europa","13":"tag-europe","14":"tag-gericht-rechtsstreit","15":"tag-germany","16":"tag-headlines","17":"tag-nachrichten","18":"tag-news","19":"tag-sachsen","20":"tag-schlagzeilen"},"share_on_mastodon":{"url":"https:\/\/pubeurope.com\/@de\/115189564637187199","error":""},"_links":{"self":[{"href":"https:\/\/www.europesays.com\/de\/wp-json\/wp\/v2\/posts\/416123","targetHints":{"allow":["GET"]}}],"collection":[{"href":"https:\/\/www.europesays.com\/de\/wp-json\/wp\/v2\/posts"}],"about":[{"href":"https:\/\/www.europesays.com\/de\/wp-json\/wp\/v2\/types\/post"}],"author":[{"embeddable":true,"href":"https:\/\/www.europesays.com\/de\/wp-json\/wp\/v2\/users\/2"}],"replies":[{"embeddable":true,"href":"https:\/\/www.europesays.com\/de\/wp-json\/wp\/v2\/comments?post=416123"}],"version-history":[{"count":0,"href":"https:\/\/www.europesays.com\/de\/wp-json\/wp\/v2\/posts\/416123\/revisions"}],"wp:featuredmedia":[{"embeddable":true,"href":"https:\/\/www.europesays.com\/de\/wp-json\/wp\/v2\/media\/416124"}],"wp:attachment":[{"href":"https:\/\/www.europesays.com\/de\/wp-json\/wp\/v2\/media?parent=416123"}],"wp:term":[{"taxonomy":"category","embeddable":true,"href":"https:\/\/www.europesays.com\/de\/wp-json\/wp\/v2\/categories?post=416123"},{"taxonomy":"post_tag","embeddable":true,"href":"https:\/\/www.europesays.com\/de\/wp-json\/wp\/v2\/tags?post=416123"}],"curies":[{"name":"wp","href":"https:\/\/api.w.org\/{rel}","templated":true}]}}