{"id":416234,"date":"2025-09-12T06:01:11","date_gmt":"2025-09-12T06:01:11","guid":{"rendered":"https:\/\/www.europesays.com\/de\/416234\/"},"modified":"2025-09-12T06:01:11","modified_gmt":"2025-09-12T06:01:11","slug":"lost-place-oeffnet-am-wochenende-fuer-besucher","status":"publish","type":"post","link":"https:\/\/www.europesays.com\/de\/416234\/","title":{"rendered":"Lost Place \u00f6ffnet am Wochenende f\u00fcr Besucher"},"content":{"rendered":"<p class=\"tspB4l9 tspB4ma\">Das ICC Berlin gilt als gr\u00f6\u00dfter Lost Place der Hauptstadt: An diesem Wochenende k\u00f6nnen Interessierte das stillgelegte Kongress-Zentrum besichtigen. \u201e49 h ICC\u201c hei\u00dft das Projekt\u201c, das neben Architekturf\u00fchrungen und Zeitzeugengespr\u00e4chen auch sportliche Aktivit\u00e4ten wie Yoga, Cycling und Running sowie Lichtschwert-Workshops bietet. <\/p>\n<p class=\"tspB4l9\">Auch Filmvorf\u00fchrungen stehen auf dem Programm. Die kostenlosen Tickets f\u00fcr F\u00fchrungen sind laut dem Veranstalter Visit Berlin bereits ausgebucht. Es sind aber im Internet noch Karten f\u00fcr kostenpflichtige Angebote erh\u00e4ltlich.\u00a0<\/p>\n<p class=\"tspB4l9\">Das <a href=\"https:\/\/www.tagesspiegel.de\/berlin\/themen\/icc?icid=in-text-link_14316500\" class=\"link link--internal\" data-gtm-class=\"article-text-link\" data-gtm-val=\"internal\" rel=\"nofollow noopener\" target=\"_blank\">ICC<\/a> gilt als eines der gr\u00f6\u00dften Kongressh\u00e4user der Welt. 2014 wurde sein Betrieb eingestellt. 2021 und 2022 \u00f6ffnete das Geb\u00e4ude erstmals f\u00fcr Kulturveranstaltungen. Bei der ersten kostenfreien \u00d6ffnung 2023 war das Geb\u00e4ude 48 Stunden lang f\u00fcr eine breite \u00d6ffentlichkeit zug\u00e4nglich. Mehr als 30.000 Besucher sicherten sich laut Visit Berlin damals ein Ticket. In diesem Jahr wird die Aktion auf 49 Stunden ausgeweitet.\u00a0<\/p>\n<p> \u201eKomplett erhaltenes Zeugnis der High-Tech-Architektur\u201c <\/p>\n<p class=\"tspB4l9\">Christoph Rauhut, Landeskonservator und Direktor des Landesdenkmalamtes Berlin, bezeichnet das ICC als \u201ebedeutendstes Zeugnis der High-Tech-Architektur in Deutschland\u201c. Es sei ein Gl\u00fccksfall, dass das Geb\u00e4ude mit seinen Farben, Materialien, Kunstwerken und Ausstattungsgegenst\u00e4nden noch so komplett erhalten sei.\u00a0<\/p>\n<p class=\"tspB4l9\">Laut Wirtschaftssenatorin Franziska Giffey (<a href=\"https:\/\/www.tagesspiegel.de\/politik\/themen\/spd?icid=in-text-link_14316500\" class=\"link link--internal\" data-gtm-class=\"article-text-link\" data-gtm-val=\"internal\" rel=\"nofollow noopener\" target=\"_blank\">SPD<\/a>) soll das ICC auch in Zukunft erhalten werden. Dazu l\u00e4uft demnach gerade ein internationaler Konzeptwettbewerb, mit dem die besten Ideen zur Sanierung und Nutzung gesucht werden. Auch in der Vergangenheit wurden schon verschiedene Ideen vorgestellt.\u00a0<\/p>\n<p> Mehr zum Thema: <a href=\"https:\/\/www.tagesspiegel.de\/berlin\/nicht-richtig-geprufte-rechnungen-und-hallenplane-spd-und-cdu-bitten-chef-der-messe-berlin-zum-rapport-14286917.html?icid=topic-list_14316500___\" data-gtm-class=\"article-mzt-link\" class=\"tspCBmx\" rel=\"nofollow noopener\" target=\"_blank\">Nicht richtig gepr\u00fcfte Rechnungen und Hallenpl\u00e4ne SPD und CDU bitten Chef der Messe Berlin zum Rapport <\/a><a href=\"https:\/\/www.tagesspiegel.de\/berlin\/neue-plane-fur-berlins-tunnel-des-grauens-unterfuhrung-am-icc-soll-von-sportvereinen-genutzt-werden-13734991.html?icid=topic-list_14316500___\" data-gtm-class=\"article-mzt-link\" class=\"tspCBmx\" rel=\"nofollow noopener\" target=\"_blank\">Neue Pl\u00e4ne f\u00fcr Berlins \u201eTunnel des Grauens\u201c Unterf\u00fchrung am ICC soll von Sportvereinen genutzt werden <\/a><a href=\"https:\/\/www.tagesspiegel.de\/berlin\/franziska-giffeys-vision-fur-berlin-2030-innovationsstandort-nummer-eins-in-europa-klar-kann-berlin-das-13592044.html?icid=topic-list_14316500___\" data-gtm-class=\"article-mzt-link\" class=\"tspCBmx\" rel=\"nofollow noopener\" target=\"_blank\">Franziska Giffeys Vision f\u00fcr Berlin 2030 \u201eInnovationsstandort Nummer eins in Europa? Klar kann Berlin das\u201c\u00a0 <\/a><\/p>\n<p class=\"tspB4l9\">Der wuchtige Bau an der Stadtautobahn war 2014 nach 35 Jahren geschlossen worden. Moderne Neubauten, die mehr Flexibilit\u00e4t und geringere Betriebskosten boten, hatten dem ICC Konkurrenz gemacht. Auch der Sanierungsbedarf des stark asbestbelasteten ICC wuchs, und die hohen Instandhaltungskosten setzten dem Geb\u00e4ude zu. \u00dcber die Zukunft des ICC wird seit Jahren in der Stadt diskutiert. (dpa)<\/p>\n","protected":false},"excerpt":{"rendered":"Das ICC Berlin gilt als gr\u00f6\u00dfter Lost Place der Hauptstadt: An diesem Wochenende k\u00f6nnen Interessierte das stillgelegte Kongress-Zentrum&hellip;\n","protected":false},"author":2,"featured_media":416235,"comment_status":"","ping_status":"","sticky":false,"template":"","format":"standard","meta":{"footnotes":""},"categories":[1825],"tags":[3535,296,29,6604,30,8848,109675,3800,28548],"class_list":{"0":"post-416234","1":"post","2":"type-post","3":"status-publish","4":"format-standard","5":"has-post-thumbnail","7":"category-berlin","8":"tag-bauwerk","9":"tag-berlin","10":"tag-deutschland","11":"tag-franziska-giffey","12":"tag-germany","13":"tag-icc","14":"tag-icc-nachrichten-zu-berlins-besonderer-immobilie","15":"tag-messen","16":"tag-yoga"},"share_on_mastodon":{"url":"https:\/\/pubeurope.com\/@de\/115189808067670202","error":""},"_links":{"self":[{"href":"https:\/\/www.europesays.com\/de\/wp-json\/wp\/v2\/posts\/416234","targetHints":{"allow":["GET"]}}],"collection":[{"href":"https:\/\/www.europesays.com\/de\/wp-json\/wp\/v2\/posts"}],"about":[{"href":"https:\/\/www.europesays.com\/de\/wp-json\/wp\/v2\/types\/post"}],"author":[{"embeddable":true,"href":"https:\/\/www.europesays.com\/de\/wp-json\/wp\/v2\/users\/2"}],"replies":[{"embeddable":true,"href":"https:\/\/www.europesays.com\/de\/wp-json\/wp\/v2\/comments?post=416234"}],"version-history":[{"count":0,"href":"https:\/\/www.europesays.com\/de\/wp-json\/wp\/v2\/posts\/416234\/revisions"}],"wp:featuredmedia":[{"embeddable":true,"href":"https:\/\/www.europesays.com\/de\/wp-json\/wp\/v2\/media\/416235"}],"wp:attachment":[{"href":"https:\/\/www.europesays.com\/de\/wp-json\/wp\/v2\/media?parent=416234"}],"wp:term":[{"taxonomy":"category","embeddable":true,"href":"https:\/\/www.europesays.com\/de\/wp-json\/wp\/v2\/categories?post=416234"},{"taxonomy":"post_tag","embeddable":true,"href":"https:\/\/www.europesays.com\/de\/wp-json\/wp\/v2\/tags?post=416234"}],"curies":[{"name":"wp","href":"https:\/\/api.w.org\/{rel}","templated":true}]}}