{"id":416316,"date":"2025-09-12T06:47:23","date_gmt":"2025-09-12T06:47:23","guid":{"rendered":"https:\/\/www.europesays.com\/de\/416316\/"},"modified":"2025-09-12T06:47:23","modified_gmt":"2025-09-12T06:47:23","slug":"wann-und-wo-wird-es-besonders-stuermisch","status":"publish","type":"post","link":"https:\/\/www.europesays.com\/de\/416316\/","title":{"rendered":"Wann und wo wird es besonders st\u00fcrmisch?"},"content":{"rendered":"<p>Zwischen Vollherbst und TollherbstHier crasht die Tiefdruckautobahn unser Wochenende12. September 2025 um 08:31 Uhr<\/p>\n<p class=\"AnnotatedMarkup_paragraph__IUT9l\"><strong>Der S\u00fcdosten hat die besten Karten!<\/strong><br \/>Die Tiefdruckgebiete lassen auch am Wochenende nicht locker. Selbst ein ausgewachsener Herbststurm k\u00f6nnte Deutschland noch in die Mangel nehmen. Aber: Es gibt auch sonnigere Regionen &#8211; hier die Details.<\/p>\n<p>Die Ausgangslage: Der dicke Regen ist durch, die Tiefs aber nicht<\/p>\n<p class=\"AnnotatedMarkup_paragraph__IUT9l\">Nachdem am Dienstag der Westen und in der Nacht zum Donnerstag der \u00e4u\u00dferste Osten reichlich Regen abbekommen haben, geht es gerne mal durchwachsen, aber nicht so extrem nass weiter. Grund ist die wettersteuernde Str\u00f6mung, der sogenannte Jetstream. Hierdurch werden weiterhin Tiefdruckgebiete gen Mitteleuropa gelenkt. Mittendrin spekulieren die Wettercomputer Anfang n\u00e4chster Woche sogar auf den ersten Herbststurm, der Teile Deutschlands treffen k\u00f6nnte.<\/p>\n<p class=\"AnnotatedMarkup_paragraph__IUT9l\"><strong>Lese-Tipp: <\/strong><a rel=\"noopener noreferrer nofollow\" href=\"https:\/\/www.wetter.de\/wettermeldungen\/wetter-panorama\/herbst-2025-in-deutschland-und-europa-ueble-vorzeichen-fuer-die-kommende-unwetter-und-sturmsaison-id6625864.html?utm_source=rtl&amp;utm_content=6691170&amp;utm_medium=owned&amp;utm_campaign=textlink&amp;utm_term=na\" target=\"_blank\">Marine Hitze k\u00f6nnte Unwetter im Herbst ausl\u00f6sen<\/a><\/p>\n<p>Top oder Flop &#8211; so wird unser Wochenende<img alt=\"Regen in Baden-W\u00fcrttemberg\" loading=\"lazy\" width=\"940\" height=\"529\" decoding=\"async\" data-nimg=\"1\" class=\"Image_image__SdgLQ Picture_image__vGN9W\" style=\"color:transparent\"   src=\"https:\/\/www.europesays.com\/de\/wp-content\/uploads\/2025\/09\/regen-in-baden-wuerttemberg.webp.webp\"\/><\/p>\n<p>K\u00fchle Duschen und keine 20 Grad &#8211; den Vorgeschmack auf den Vollherbst bekommt insbesondere die Nordwesth\u00e4lfe zu sp\u00fcren.<\/p>\n<p>Marijan Murat\/dpa<\/p>\n<p class=\"AnnotatedMarkup_paragraph__IUT9l\">Nach einem meist durchwachsenen und teilweise windigen Freitag gibt es am Wochenende durchaus Grund zur Freude. Das gilt insbesondere im S\u00fcdosten und Osten. Denn hier wird &#8211; wenn das Timing so passt, wie es einige Wettermodelle andeuten &#8211; vor allem in der Nacht zum Sonntag Regen durchziehen. Dahinter k\u00f6nnte bei Spitzentemperaturen bis um die 22 Grad regional erneut der Fr\u00fchherbst der goldenen Art aufblitzen.<\/p>\n<p class=\"AnnotatedMarkup_paragraph__IUT9l\">Anders sieht es Richtung Westen und Nordwesten aus. Wiederholt ziehen bei einem mitunter lebhaften st\u00fcrmischen Wind Schauer durch, die zum Teil von Blitz und Donner begleitet sind. Dazu werden es kaum noch 20, in der Eifel gar nur 15 Grad.<\/p>\n<p class=\"AnnotatedMarkup_paragraph__IUT9l\"><a rel=\"noopener noreferrer nofollow\" href=\"https:\/\/www.wetter.de\/deutschland\/aktuelle-wetter-karte-deutschland-c49.html?utm_source=rtl&amp;utm_content=6691170&amp;utm_medium=owned&amp;utm_campaign=textlink&amp;utm_term=na\" target=\"_blank\">Wetterkarten f\u00fcr Deutschland, Europa und weltweit<\/a><\/p>\n<p>Anzeige:<\/p>\n<p>Empfehlungen unserer Partner<\/p>\n<p>Sturmgefahr zum Wochenwechsel<\/p>\n<p class=\"AnnotatedMarkup_paragraph__IUT9l\">Die n\u00e4chste Wetterwoche k\u00f6nnte uns dann den ersten Herbststurm der Saison bringen. Auch dabei liegt der Fokus auf der Nordwesth\u00e4lfte unseres Landes. Die genaue Zugbahn ist zwar noch sehr unsicher. Dennoch lohnt am Wochenende sicherlich der genaue Blick auf die Wetterkarten, so dass es zum Start in die n\u00e4chste Wetterwoche keine b\u00f6sen \u00dcberraschungen gibt.<\/p>\n<p class=\"AnnotatedMarkup_paragraph__IUT9l\"><strong>Lese-Tipp: <\/strong><a rel=\"noopener noreferrer nofollow\" href=\"https:\/\/www.wetter.de\/cms\/42-tage-wettertrend-fuer-deutschland-trockenes-sommerfinale-und-temperatursturz-4548149.html?utm_source=rtl&amp;utm_content=6691170&amp;utm_medium=owned&amp;utm_campaign=textlink&amp;utm_term=na\" target=\"_blank\">42-Tage-Trend \u2013 so geht es in den kommenden sechs Wochen weiter<\/a><\/p>\n<p>Wetter in Deutschland aktuell<\/p>\n<p>Unser Wochenendwetter im Schnellcheck<\/p>\n<ul class=\"BulletedList_ul__9tzYn\">\n<li class=\"BulletedList_li__361p2\">\n<p class=\"AnnotatedMarkup_paragraph__IUT9l\">Anhaltende Tiefdruckgebiete beeinflussen das Wetter in Deutschland.<\/p>\n<\/li>\n<li class=\"BulletedList_li__361p2\">\n<p class=\"AnnotatedMarkup_paragraph__IUT9l\">Sogar ein ausgewachsener Herbststurm k\u00f6nnte bevorstehen.<\/p>\n<\/li>\n<li class=\"BulletedList_li__361p2\">\n<p class=\"AnnotatedMarkup_paragraph__IUT9l\">Zuvor haben der S\u00fcdosten und der Osten die besten Chancen auf Sonne und W\u00e4rme.<\/p>\n<\/li>\n<li class=\"BulletedList_li__361p2\">\n<p class=\"AnnotatedMarkup_paragraph__IUT9l\">Im Westen und Nordwesten sind hingegen Wind und Gewitter zu erwarten.<\/p>\n<\/li>\n<li class=\"BulletedList_li__361p2\">\n<p class=\"AnnotatedMarkup_paragraph__IUT9l\">M\u00f6glicherweise droht zum Montag der erste Herbststurm der Saison, besonders in der Nordwesth\u00e4lfte Deutschlands.<\/p>\n<\/li>\n<\/ul>\n","protected":false},"excerpt":{"rendered":"Zwischen Vollherbst und TollherbstHier crasht die Tiefdruckautobahn unser Wochenende12. September 2025 um 08:31 Uhr Der S\u00fcdosten hat die&hellip;\n","protected":false},"author":2,"featured_media":416317,"comment_status":"","ping_status":"","sticky":false,"template":"","format":"standard","meta":{"footnotes":""},"categories":[2],"tags":[18363,18362,331,3924,332,3922,3364,29,30,18364,13,851,11607,18113,14,3923,15,3921,10328,18361,12,16406,11038,16051,9608,4028,1973,10216,5415],"class_list":{"0":"post-416316","1":"post","2":"type-post","3":"status-publish","4":"format-standard","5":"has-post-thumbnail","7":"category-deutschland","8":"tag-42-tage-wetter","9":"tag-7-tage-wetter","10":"tag-aktuelle-nachrichten","11":"tag-aktuelle-nachrichten-aus-deutschland","12":"tag-aktuelle-news","13":"tag-aktuelle-news-aus-deutschland","14":"tag-de","15":"tag-deutschland","16":"tag-germany","17":"tag-hagel","18":"tag-headlines","19":"tag-herbst","20":"tag-hitze","21":"tag-hitzewelle","22":"tag-nachrichten","23":"tag-nachrichten-aus-deutschland","24":"tag-news","25":"tag-news-aus-deutschland","26":"tag-regen","27":"tag-rtl-wetter","28":"tag-schlagzeilen","29":"tag-schnee","30":"tag-spaetsommer","31":"tag-starkregen","32":"tag-sturm","33":"tag-unwetter","34":"tag-wetter","35":"tag-wetterbericht","36":"tag-wetterprognose"},"share_on_mastodon":{"url":"https:\/\/pubeurope.com\/@de\/115189989457126900","error":""},"_links":{"self":[{"href":"https:\/\/www.europesays.com\/de\/wp-json\/wp\/v2\/posts\/416316","targetHints":{"allow":["GET"]}}],"collection":[{"href":"https:\/\/www.europesays.com\/de\/wp-json\/wp\/v2\/posts"}],"about":[{"href":"https:\/\/www.europesays.com\/de\/wp-json\/wp\/v2\/types\/post"}],"author":[{"embeddable":true,"href":"https:\/\/www.europesays.com\/de\/wp-json\/wp\/v2\/users\/2"}],"replies":[{"embeddable":true,"href":"https:\/\/www.europesays.com\/de\/wp-json\/wp\/v2\/comments?post=416316"}],"version-history":[{"count":0,"href":"https:\/\/www.europesays.com\/de\/wp-json\/wp\/v2\/posts\/416316\/revisions"}],"wp:featuredmedia":[{"embeddable":true,"href":"https:\/\/www.europesays.com\/de\/wp-json\/wp\/v2\/media\/416317"}],"wp:attachment":[{"href":"https:\/\/www.europesays.com\/de\/wp-json\/wp\/v2\/media?parent=416316"}],"wp:term":[{"taxonomy":"category","embeddable":true,"href":"https:\/\/www.europesays.com\/de\/wp-json\/wp\/v2\/categories?post=416316"},{"taxonomy":"post_tag","embeddable":true,"href":"https:\/\/www.europesays.com\/de\/wp-json\/wp\/v2\/tags?post=416316"}],"curies":[{"name":"wp","href":"https:\/\/api.w.org\/{rel}","templated":true}]}}