{"id":416572,"date":"2025-09-12T09:08:10","date_gmt":"2025-09-12T09:08:10","guid":{"rendered":"https:\/\/www.europesays.com\/de\/416572\/"},"modified":"2025-09-12T09:08:10","modified_gmt":"2025-09-12T09:08:10","slug":"unfall-in-mannheim-opel-fahrer-missachtet-vorfahrt-und-rammt-biker-regional","status":"publish","type":"post","link":"https:\/\/www.europesays.com\/de\/416572\/","title":{"rendered":"Unfall in Mannheim: Opel-Fahrer missachtet Vorfahrt und rammt Biker | Regional"},"content":{"rendered":"<p>Mannheim \u2013 <b>Ein Opel-Fahrer \u00fcbersah die Vorfahrt eines Motorradfahrers und verursachte einen schweren Unfall.<\/b><\/p>\n<p>Der 57-J\u00e4hrige war am Donnerstag um 12.55 Uhr auf dem Meer\u00e4ckerplatz unterwegs, als er an der Einm\u00fcndung zur Lindenhofstra\u00dfe die Vorfahrt eines 70-j\u00e4hrigen Motorradfahrers missachtete. Beide Fahrzeuge stie\u00dfen zusammen, wodurch der Motorradfahrer st\u00fcrzte und schwer verletzt wurde. Er musste vom Rettungsdienst in eine Klinik gebracht werden.<\/p>\n<p>Der Schaden bel\u00e4uft sich auf rund 8.000 Euro. Der Verkehrsdienst Mannheim hat die Ermittlungen aufgenommen.<\/p>\n<p>Dieser Text basiert auf einer offiziellen Beh\u00f6rden-Information und wurde mit Hilfe von KI erstellt.<\/p>\n","protected":false},"excerpt":{"rendered":"Mannheim \u2013 Ein Opel-Fahrer \u00fcbersah die Vorfahrt eines Motorradfahrers und verursachte einen schweren Unfall. Der 57-J\u00e4hrige war am&hellip;\n","protected":false},"author":2,"featured_media":391474,"comment_status":"","ping_status":"","sticky":false,"template":"","format":"standard","meta":{"footnotes":""},"categories":[1845],"tags":[1634,3364,29,548,663,3934,30,13,2509,2096,14,15,121,12,45,2624],"class_list":{"0":"post-416572","1":"post","2":"type-post","3":"status-publish","4":"format-standard","5":"has-post-thumbnail","7":"category-mannheim","8":"tag-baden-wuerttemberg","9":"tag-de","10":"tag-deutschland","11":"tag-eu","12":"tag-europa","13":"tag-europe","14":"tag-germany","15":"tag-headlines","16":"tag-ki-ots","17":"tag-mannheim","18":"tag-nachrichten","19":"tag-news","20":"tag-polizei","21":"tag-schlagzeilen","22":"tag-texttospeech","23":"tag-unfaelle"},"share_on_mastodon":{"url":"https:\/\/pubeurope.com\/@de\/115190543415400364","error":""},"_links":{"self":[{"href":"https:\/\/www.europesays.com\/de\/wp-json\/wp\/v2\/posts\/416572","targetHints":{"allow":["GET"]}}],"collection":[{"href":"https:\/\/www.europesays.com\/de\/wp-json\/wp\/v2\/posts"}],"about":[{"href":"https:\/\/www.europesays.com\/de\/wp-json\/wp\/v2\/types\/post"}],"author":[{"embeddable":true,"href":"https:\/\/www.europesays.com\/de\/wp-json\/wp\/v2\/users\/2"}],"replies":[{"embeddable":true,"href":"https:\/\/www.europesays.com\/de\/wp-json\/wp\/v2\/comments?post=416572"}],"version-history":[{"count":0,"href":"https:\/\/www.europesays.com\/de\/wp-json\/wp\/v2\/posts\/416572\/revisions"}],"wp:featuredmedia":[{"embeddable":true,"href":"https:\/\/www.europesays.com\/de\/wp-json\/wp\/v2\/media\/391474"}],"wp:attachment":[{"href":"https:\/\/www.europesays.com\/de\/wp-json\/wp\/v2\/media?parent=416572"}],"wp:term":[{"taxonomy":"category","embeddable":true,"href":"https:\/\/www.europesays.com\/de\/wp-json\/wp\/v2\/categories?post=416572"},{"taxonomy":"post_tag","embeddable":true,"href":"https:\/\/www.europesays.com\/de\/wp-json\/wp\/v2\/tags?post=416572"}],"curies":[{"name":"wp","href":"https:\/\/api.w.org\/{rel}","templated":true}]}}