{"id":416695,"date":"2025-09-12T10:19:11","date_gmt":"2025-09-12T10:19:11","guid":{"rendered":"https:\/\/www.europesays.com\/de\/416695\/"},"modified":"2025-09-12T10:19:11","modified_gmt":"2025-09-12T10:19:11","slug":"wirklich-absolut-faschistoid-hannes-jaenicke-greift-trump-nach-hausbrand-an","status":"publish","type":"post","link":"https:\/\/www.europesays.com\/de\/416695\/","title":{"rendered":"&#8222;Wirklich absolut faschistoid&#8220;: Hannes Jaenicke greift Trump nach Hausbrand an"},"content":{"rendered":"<p>                    &#8222;Wirklich absolut faschistoid&#8220;<br \/>\n                Hannes Jaenicke greift Trump nach Hausbrand an<\/p>\n<p>\t\t\t\t              12.09.2025, 11:09 Uhr<\/p>\n<p>\t\t\t\t\t       Artikel anh\u00f6ren<\/p>\n<p>\t\t\t\t\t\t\tDiese Audioversion wurde k\u00fcnstlich generiert. <a href=\"https:\/\/www.n-tv.de\/23249898\" rel=\"nofollow noopener\" target=\"_blank\">Mehr Infos<\/a><\/p>\n<p><strong>Anfang des Jahres machen verheerende Waldbr\u00e4nde in Kalifornien zahlreiche H\u00e4user dem Erdboden gleich. Auch das von Hannes Jaenicke. Der Schauspieler spricht nun \u00fcber den Verlust &#8211; und den Umgang der US-Regierung mit der Katastrophe.<\/strong><\/p>\n<p>Schauspieler Hannes Jaenicke spricht in einem Interview offen \u00fcber sein im Januar komplett abgebranntes Haus in Kalifornien. &#8222;Es ist eine Mondlandschaft. Wasserleitungen, Stromleitungen, Gas &#8211; es gibt \u00fcberhaupt keine Infrastruktur mehr&#8220; sagt der 65-J\u00e4hrige im Gespr\u00e4ch mit der &#8222;Neuen Osnabr\u00fccker Zeitung&#8220;.<\/p>\n<p>&#8222;Im Moment k\u00f6nnen wir noch nicht mal aufs Gel\u00e4nde. Es ist alles so vergiftet, dass niemand sein Grundst\u00fcck betreten darf&#8220;, so Jaenicke. Man sei noch nicht mal im Genehmigungsverfahren. &#8222;Bis man was tun kann, vergehen mit Sicherheit zwei bis drei Jahre.&#8220; <\/p>\n<p>Es seien \u00fcber 30.000 Autos abgefackelt, darunter viele elektrische, f\u00fchrt der Schauspieler aus. &#8222;Da ist massenhaft Lack, PVC, Kunststoff, Plastik und Chemie verbrannt. Der Regen hat alles in den Boden gesp\u00fclt. Jetzt muss entgiftet werden, und keiner wei\u00df, wie.&#8220;<\/p>\n<p>Anfang des Jahres waren im s\u00fcdlichen Kalifornien verheerende Waldbr\u00e4nde ausgebrochen. Mehrere Prominente, aber auch zahlreiche einfache B\u00fcrgerinnen und B\u00fcrger verloren dabei ihre H\u00e4user. An die 20.000 Geb\u00e4ude brannten ab oder wurden besch\u00e4digt. Mindestens 30 Menschen verloren durch die Flammen ihr Leben.<\/p>\n<p>Haus war von Umweltaktivistin bewohnt<\/p>\n<p>Jaenicke \u00fcbt im Zeitungsinterview zudem scharfe Kritik an US-Pr\u00e4sident Donald Trump, denn der vergebe keine Nothilfe in Staaten, die nicht republikanisch gew\u00e4hlt haben. &#8222;Er ist wirklich absolut faschistoid. Die republikanischen Staaten kriegen Hilfe &#8211; so wie jetzt Texas nach den \u00dcberschwemmungen. Kalifornien w\u00e4hlt demokratisch und hat nichts bekommen.&#8220;<\/p>\n<p>Er selbst lebe seit 2008 am Ammersee bei M\u00fcnchen und reise nur gelegentlich f\u00fcr die Arbeit in die USA, erkl\u00e4rt Jaenicke. Sein Haus habe er daher der deutschen Haiforscherin und Umweltaktivistin Stefanie Brendel \u00fcberlassen. &#8222;Seit dem Feuer ist sie obdachlos. Sie hat alles verloren.&#8220; <\/p>\n<p>Er selbst versuche, mit dem Verlust klarzukommen: &#8222;Im Leben muss man lernen, loszulassen. Das habe ich im Januar auf relativ effektive Art und Weise beigebracht bekommen&#8220;, so Jaenicke.<\/p>\n","protected":false},"excerpt":{"rendered":"&#8222;Wirklich absolut faschistoid&#8220; Hannes Jaenicke greift Trump nach Hausbrand an 12.09.2025, 11:09 Uhr Artikel anh\u00f6ren Diese Audioversion wurde&hellip;\n","protected":false},"author":2,"featured_media":416696,"comment_status":"","ping_status":"","sticky":false,"template":"","format":"standard","meta":{"footnotes":""},"categories":[2],"tags":[986,29,30,13,2847,14,15,12,10,8,9,11,215,64,6448],"class_list":{"0":"post-416695","1":"post","2":"type-post","3":"status-publish","4":"format-standard","5":"has-post-thumbnail","7":"category-deutschland","8":"tag-braende","9":"tag-deutschland","10":"tag-germany","11":"tag-headlines","12":"tag-kalifornien","13":"tag-nachrichten","14":"tag-news","15":"tag-schlagzeilen","16":"tag-top-news","17":"tag-top-meldungen","18":"tag-topmeldungen","19":"tag-topnews","20":"tag-unterhaltung","21":"tag-usa","22":"tag-waldbraende"},"share_on_mastodon":{"url":"https:\/\/pubeurope.com\/@de\/115190822566257602","error":""},"_links":{"self":[{"href":"https:\/\/www.europesays.com\/de\/wp-json\/wp\/v2\/posts\/416695","targetHints":{"allow":["GET"]}}],"collection":[{"href":"https:\/\/www.europesays.com\/de\/wp-json\/wp\/v2\/posts"}],"about":[{"href":"https:\/\/www.europesays.com\/de\/wp-json\/wp\/v2\/types\/post"}],"author":[{"embeddable":true,"href":"https:\/\/www.europesays.com\/de\/wp-json\/wp\/v2\/users\/2"}],"replies":[{"embeddable":true,"href":"https:\/\/www.europesays.com\/de\/wp-json\/wp\/v2\/comments?post=416695"}],"version-history":[{"count":0,"href":"https:\/\/www.europesays.com\/de\/wp-json\/wp\/v2\/posts\/416695\/revisions"}],"wp:featuredmedia":[{"embeddable":true,"href":"https:\/\/www.europesays.com\/de\/wp-json\/wp\/v2\/media\/416696"}],"wp:attachment":[{"href":"https:\/\/www.europesays.com\/de\/wp-json\/wp\/v2\/media?parent=416695"}],"wp:term":[{"taxonomy":"category","embeddable":true,"href":"https:\/\/www.europesays.com\/de\/wp-json\/wp\/v2\/categories?post=416695"},{"taxonomy":"post_tag","embeddable":true,"href":"https:\/\/www.europesays.com\/de\/wp-json\/wp\/v2\/tags?post=416695"}],"curies":[{"name":"wp","href":"https:\/\/api.w.org\/{rel}","templated":true}]}}