{"id":416777,"date":"2025-09-12T11:07:11","date_gmt":"2025-09-12T11:07:11","guid":{"rendered":"https:\/\/www.europesays.com\/de\/416777\/"},"modified":"2025-09-12T11:07:11","modified_gmt":"2025-09-12T11:07:11","slug":"teilnehmende-fuer-co%e2%82%82-rechner-studie-in-leipzig-gesucht-%c2%b7-leipziger-zeitung","status":"publish","type":"post","link":"https:\/\/www.europesays.com\/de\/416777\/","title":{"rendered":"Teilnehmende f\u00fcr CO\u2082-Rechner-Studie in Leipzig gesucht \u00b7 Leipziger Zeitung"},"content":{"rendered":"<p>Was bedeutet Klimaneutralit\u00e4t auf einer pers\u00f6nlichen Ebene und welche Beitr\u00e4ge k\u00f6nnen Einzelne hierzu leisten? Diesen und weiteren spannenden Fragen geht das bundesweite Klimaschutz- und Forschungsprojekt KliX3 auf den Grund, das am Sonntag, dem 14. September, Station in Leipzig macht. Ziel der Abendveranstaltung ist es, Teilnehmende f\u00fcr die bundesweite Mitmachaktion zu einem klimaneutralen Leben zu gewinnen. KliX3 ist ein Partner des Projekts \u201eKlimabonus\u201c vom BUND Leipzig und gemeinsam setzen wir uns f\u00fcr Klimaschutz und Klimaneutralit\u00e4t ein.<\/p>\n<p>Egal, ob man gerade erst anf\u00e4ngt oder sich schon als Klimaschutz-Profi versteht \u2013 bei KliX\u00b3 k\u00f6nnen alle mitmachen. Im Mittelpunkt von KliX3 steht der Aufbau eines bundesweiten CO\u2082-Rechner-Panels. Teilnehmende erstellen hierf\u00fcr j\u00e4hrlich ihre CO\u2082-Bilanz mit dem CO\u2082-Rechner des Umweltbundesamts. Mit einem Online-Werkzeugkasten kann jeder und jede einen ganz pers\u00f6nlichen Klimaplan erstellen.<\/p>\n<p>Dar\u00fcber hinaus erhalten die Teilnehmenden von KliX\u00b3 viele praktische Tipps in der KliX3-Toolbox und in weiteren Angeboten. Das beinhaltet u. a. eine CO\u2082-Rechner-Sprechstunde, einen Leitfaden \u201eWege zum klimaneutralen Leben\u201c und einen vertiefenden dreiteiligen Onlinekurs, der Raum f\u00fcr Vernetzung und Erfahrungsaustausch bietet. Alle Angebote von KliX\u00b3 sind kostenfrei.<\/p>\n<p>Durchblick im Dickicht der Klimaschutzma\u00dfnahmen<\/p>\n<p>Der rote Faden bei KliX3 ist der \u201eDreiklang f\u00fcrs Klima\u201c als Motivationsbooster f\u00fcr wirksames Klimaschutzhandeln, bestehend aus den Elementen CO\u2082-Bilanz erstellen, Fu\u00dfabdruck verkleinern und Handabdruck vergr\u00f6\u00dfern. KliX\u00b3 m\u00f6chte so Orientierung im Dickicht der Klimaschutzma\u00dfnahmen liefern und die \u201eBig Points\u201c beim Klimaschutz sichtbar machen.<\/p>\n<p>Die Abendveranstaltung in Leipzig findet am 14. September von 18 bis 20 Uhr im Pavillon in Ilses Erika statt. Die Teilnahme ist kostenfrei. Um eine Anmeldung \u00fcber die Webseite wird gebeten unter <a href=\"http:\/\/klix3.de\/veranstaltung\/klix3-in-leipzig\/\" target=\"_blank\" rel=\"noopener\">klix3.de\/veranstaltung\/klix3-in-leipzig\/<\/a><\/p>\n<p>Am selben Tag von 15 bis 17 Uhr ist das Projekt KliX\u00b3 auch mit einem Infostand in Ilses Erika vertreten.<\/p>\n<p>Die KliX\u00b3-Deutschlandticket-Tour<\/p>\n<p>Als Mitmachaktion und zugleich Reallabor begleitet KliX\u00b3 bisher \u00fcber 1.400 Menschen auf dem Weg zu einem klimaneutralen Leben bis 2030. Von Mitte September bis Mitte Oktober 2025 tourt das KliX\u00b3-Team mit dem Deutschlandticket von Dessau im Osten bis Aachen im Westen und von Bremen im Norden bis nach Konstanz im S\u00fcden.<\/p>\n<p>Unter dem Motto \u201eN\u00e4chster Halt: Dein Big Point!\u201c werden innerhalb von 30 Tagen 30 gro\u00dfe wie kleine St\u00e4dte besucht. Ziel ist es, deutschlandweit 30 x 30 weitere Teilnehmende f\u00fcr dieses einmalige Gemeinschafts- und Forschungsprojekt zu gewinnen.<\/p>\n<p>Wer steht hinter KliX\u00b3?<\/p>\n<p>KliX\u00b3 wird umgesetzt von 3 f\u00fcrs Klima e. V. aus Dessau und der KlimAktiv gGmbH aus T\u00fcbingen. 3 f\u00fcrs Klima ist ein gemeinn\u00fctziger Verein mit dem Ziel, Bewusstsein und Kenntnisse \u00fcber effektive individuelle Handlungsm\u00f6glichkeiten f\u00fcr Klimaschutz gem\u00e4\u00df dem Pariserklimaabkommen zu schaffen und zu verbreiten. 2021 hat der Verein mit der Klimawette bundesweit f\u00fcr Aufmerksamkeit und \u00fcber 20.000 Tonnen eingespartes CO\u2082 gesorgt.<\/p>\n<p>Die KlimAktiv gemeinn\u00fctzige Gesellschaft zur F\u00f6rderung des Klimaschutzes mbH entwickelt Software zur CO\u2082-Bilanzierung von Unternehmen, Kommunen und anderen Organisationen und erm\u00f6glicht ihren Partnern durch das Bewusstsein f\u00fcr die eigene CO\u2082-Bilanz einen aktiven Klimaschutz. Das Projekt wird durch die Nationale Klimaschutzinitiative aus Mitteln des Bundesministeriums f\u00fcr Wirtschaft und Energie gef\u00f6rdert.<\/p>\n<p>Weitere Informationen finden sich auf der Homepage des Projektes unter <a href=\"http:\/\/klix3.de\" target=\"_blank\" rel=\"noopener\">klix3.de<\/a> oder auf Instagram <a href=\"http:\/\/www.instagram.com\/klixhoch3\/\" target=\"_blank\" rel=\"noopener\">www.instagram.com\/klixhoch3\/<\/a><\/p>\n<p><script async src=\"\/\/www.instagram.com\/embed.js\"><\/script><\/p>\n","protected":false},"excerpt":{"rendered":"Was bedeutet Klimaneutralit\u00e4t auf einer pers\u00f6nlichen Ebene und welche Beitr\u00e4ge k\u00f6nnen Einzelne hierzu leisten? Diesen und weiteren spannenden&hellip;\n","protected":false},"author":2,"featured_media":416778,"comment_status":"","ping_status":"","sticky":false,"template":"","format":"standard","meta":{"footnotes":""},"categories":[1832],"tags":[58688,3364,29,30,1548,71,109800,859],"class_list":{"0":"post-416777","1":"post","2":"type-post","3":"status-publish","4":"format-standard","5":"has-post-thumbnail","7":"category-leipzig","8":"tag-co2-emissionen","9":"tag-de","10":"tag-deutschland","11":"tag-germany","12":"tag-klimaschutz","13":"tag-leipzig","14":"tag-oekologischer-fussabdruck","15":"tag-sachsen"},"share_on_mastodon":{"url":"https:\/\/pubeurope.com\/@de\/115191011417404695","error":""},"_links":{"self":[{"href":"https:\/\/www.europesays.com\/de\/wp-json\/wp\/v2\/posts\/416777","targetHints":{"allow":["GET"]}}],"collection":[{"href":"https:\/\/www.europesays.com\/de\/wp-json\/wp\/v2\/posts"}],"about":[{"href":"https:\/\/www.europesays.com\/de\/wp-json\/wp\/v2\/types\/post"}],"author":[{"embeddable":true,"href":"https:\/\/www.europesays.com\/de\/wp-json\/wp\/v2\/users\/2"}],"replies":[{"embeddable":true,"href":"https:\/\/www.europesays.com\/de\/wp-json\/wp\/v2\/comments?post=416777"}],"version-history":[{"count":0,"href":"https:\/\/www.europesays.com\/de\/wp-json\/wp\/v2\/posts\/416777\/revisions"}],"wp:featuredmedia":[{"embeddable":true,"href":"https:\/\/www.europesays.com\/de\/wp-json\/wp\/v2\/media\/416778"}],"wp:attachment":[{"href":"https:\/\/www.europesays.com\/de\/wp-json\/wp\/v2\/media?parent=416777"}],"wp:term":[{"taxonomy":"category","embeddable":true,"href":"https:\/\/www.europesays.com\/de\/wp-json\/wp\/v2\/categories?post=416777"},{"taxonomy":"post_tag","embeddable":true,"href":"https:\/\/www.europesays.com\/de\/wp-json\/wp\/v2\/tags?post=416777"}],"curies":[{"name":"wp","href":"https:\/\/api.w.org\/{rel}","templated":true}]}}