{"id":416851,"date":"2025-09-12T11:47:23","date_gmt":"2025-09-12T11:47:23","guid":{"rendered":"https:\/\/www.europesays.com\/de\/416851\/"},"modified":"2025-09-12T11:47:23","modified_gmt":"2025-09-12T11:47:23","slug":"gelsenkirchen-devils-wollen-ihren-fans-etwas-bieten","status":"publish","type":"post","link":"https:\/\/www.europesays.com\/de\/416851\/","title":{"rendered":"Gelsenkirchen Devils wollen ihren Fans \u201eetwas bieten\u201c"},"content":{"rendered":"<p class=\"expressive-copy-lg-body\">Bei den Fans des Gelsenkirchener Football-Verbandsligisten <a href=\"https:\/\/www.waz.de\/sport\/lokalsport\/gelsenkirchen\/article409806060\/devils-footballer-machen-ihrem-aerger-luft-so-reagiert-gelsensport.html\" data-category-full-path=\"https:\/\/www.waz.de\/sport\/lokalsport\/gelsenkirchen\/\" data-paid-status=\"free\" data-article-publish-date=\"1756202400\" rel=\"nofollow noopener\" target=\"_blank\">Gelsenkirchen Devils<\/a> kommt eine Portion Wehmut auf. An diesem Samstag (15 Uhr, F\u00fcrstenbergstadion) steigt bereits das<a href=\"https:\/\/www.waz.de\/sport\/lokalsport\/gelsenkirchen\/article408902384\/bock-auf-football-alle-heissen-infos-zum-start-der-gelsenkirchen-devils.html\" data-category-full-path=\"https:\/\/www.waz.de\/sport\/lokalsport\/gelsenkirchen\/\" data-paid-status=\"free\" data-article-publish-date=\"1746076500\" rel=\"nofollow noopener\" target=\"_blank\"> letzte Heimspiel der Saison <\/a>gegen den Tabellenzweiten L\u00fcdenscheid Lightnings. \u201eWir wollen unseren Anh\u00e4ngern zum Abschluss noch einmal etwas bieten und f\u00fcr ein sch\u00f6nes Heimspiel sorgen. Es ist so etwas wie das Duell David gegen Goliath. Wir sind Au\u00dfenseiter, aber eine Chance gibt es immer. Unser Ziel ist es, L\u00fcdenscheid zu \u00e4rgern\u201c, sagt Devils-Vizepr\u00e4sident <a href=\"https:\/\/www.waz.de\/sport\/lokalsport\/gelsenkirchen\/article409176066\/flag-football-in-gelsenkirchen-die-ue16-hat-sich-das-ue-verdient.html\" data-category-full-path=\"https:\/\/www.waz.de\/sport\/lokalsport\/gelsenkirchen\/\" data-paid-status=\"default\" data-article-publish-date=\"1749017700\" rel=\"nofollow noopener\" target=\"_blank\">Maxi Groepler.<\/a><\/p>\n<p class=\"expressive-copy-lg-body\">Neben den L\u00fcdenscheid Lightnings war auch Tabellenf\u00fchrer Siegen Sentinels in dieser Serie f\u00fcr den Tabellendritten Gelsenkirchen Devils sportlich nicht zu packen. In den insgesamt drei Duellen mit den Top-Teams gab es drei Niederlagen f\u00fcr das Ruhrpott-Team. Groepler: \u201eSiegen und L\u00fcdenscheid haben auch auf Import-Spieler gesetzt. Das ist eine Strategie, die wir bei uns nicht fahren &#8211; und auch k\u00fcnftig nicht fahren wollen. Wir wollen keine bezahlten Importspieler, die Ende April eingeflogen werden und dann die Leute, die regelm\u00e4\u00dfig am Training teilgenommen haben, auf die Bank verdr\u00e4ngen. So etwas macht f\u00fcr uns keinen Sinn. Wir sind mit einem jungen Team unterwegs, das nach und nach zusammenwachsen muss.\u201c<\/p>\n<p>    <img decoding=\"async\" src=\"https:\/\/www.europesays.com\/de\/wp-content\/uploads\/2025\/09\/409978841_1757665761_v16_9_1200.jpeg\" class=\"block w-full object-cover relative z-10 aspect-[16\/9] \" alt=\"Die Spieler der Gelsenkirchen Devils bei einer kurzen Trinkpause.  F\u00fcr ganz vorne reichte es in dieser f\u00fcr das junge Team in dieser Verbandsliga-Saison nicht.\" title=\"Die Spieler der Gelsenkirchen Devils bei einer kurzen Trinkpause.  F\u00fcr ganz vorne reichte es in dieser f\u00fcr das junge Team in dieser Verbandsliga-Saison nicht.\" loading=\"lazy\"\/><\/p>\n<p>\n      Die Spieler der Gelsenkirchen Devils bei einer kurzen Trinkpause.  F\u00fcr ganz vorne reichte es in dieser f\u00fcr das junge Team in dieser Verbandsliga-Saison nicht.<br \/>\n      \u00a9 FUNKE Foto Services | Michael Korte\n    <\/p>\n<p>  Gelsenkirchen: Ein Heimspiel weniger f\u00fcr die Devils<\/p>\n<p class=\"expressive-copy-lg-body\">Ungew\u00f6hnlich war die Verbandsliga-Spielzeit deswegen, weil sich die<a href=\"https:\/\/www.waz.de\/sport\/lokalsport\/oberhausen\/article409003564\/die-besten-bilder-vom-american-football-in-oberhausen.html\" data-category-full-path=\"https:\/\/www.waz.de\/sport\/lokalsport\/oberhausen\/\" data-paid-status=\"premium\" data-article-publish-date=\"1747122743\" rel=\"nofollow noopener\" target=\"_blank\"> Oberhausen Tornados <\/a>Anfang Juli aus dem Spielbetrieb zur\u00fcckgezogen haben. Alle Oberhausener Spiele flie\u00dfen mit einer 0:36-Niederlage in die Tabelle ein. \u201eWir hatten uns eigentlich auf ein tolles Derby gefreut. Durch den Oberhausener R\u00fcckzug fehlte uns leider ein Heimspiel-Gegner. So etwas ist nat\u00fcrlich bl\u00f6d, wenn man ohnehin nur sechs Teams in der Liga hat\u201c, stellt Maxi Groepler etwas entt\u00e4uscht fest.<\/p>\n<p>  Devils-Speisekarte: Fast schon Konkurrenz f\u00fcr Frank Rosin<\/p>\n<p class=\"expressive-copy-lg-body\">Umso wichtiger, dass sich die Gelsenkirchener am Samstag mit einem positiven Eindruck von ihren Fans verabschieden. \u201eWir bieten nicht nur packenden Sport, sondern auch wieder ein breitgef\u00e4chertes Verpflegungsangebot. Es gibt Burger, Pommes, Currywurst, Kuchen, Getr\u00e4nke und Waffeln &#8211; da ist alles dabei. Wenn mir noch mehr anbieten w\u00fcrden, bek\u00e4me Sternekoch Frank Rosin im benachbarten Dorsten ernsthafte Konkurrenz\u201c, sagt der Devils-Vize mit einem Augenzwinkern. Durchaus m\u00f6glich, dass die Football-Anh\u00e4nger im F\u00fcrstenbergstadion auch Gelsenkirchener Polit-Prominenz begegnen. Die Devils haben Einladungen an alle Kandidatinnen und Kandidaten verschickt, die bei der Kommunalwahl am Sonntag f\u00fcr das Oberb\u00fcrgermeister-Amt in Frage kommen.<\/p>\n<p>    <img decoding=\"async\" src=\"https:\/\/www.europesays.com\/de\/wp-content\/uploads\/2025\/09\/409979341_1757668240_v16_9_1200.jpeg\" class=\"block w-full object-cover relative z-10 aspect-[16\/9] \" alt=\"Marius Brinkmann will mit seinen Gelsenkirchen Devils gegen L\u00fcdenscheid einen positiven Heimspiel-Abschluss hinlegen. \" title=\"Marius Brinkmann will mit seinen Gelsenkirchen Devils gegen L\u00fcdenscheid einen positiven Heimspiel-Abschluss hinlegen. \" loading=\"lazy\"\/><\/p>\n<p>\n      Marius Brinkmann will mit seinen Gelsenkirchen Devils gegen L\u00fcdenscheid einen positiven Heimspiel-Abschluss hinlegen.<br \/>\n      \u00a9 FUNKE Foto Services | Michael Korte\n    <\/p>\n<p>  Gelsenkirchen Devils setzen auf Streaming-Angebot<\/p>\n<p class=\"expressive-copy-lg-body\">Wer das Spiel nicht im F\u00fcrstenbergstadion verfolgen kann, hat die M\u00f6glichkeit, sich den Livestream \u00fcber Twitch anzuschauen. Groepler: \u201eDas Streaming-Angebot wird sehr gut angenommen. Einige Fans schauen so unsere Spiele im Urlaub &#8211; oder teilweise auch via Handy im Stadion.\u201c Durch die rund zehn Sekunden verz\u00f6gerte \u00dcbertragung kann man sich packende Szenen, die sich gerade erst ereignet haben, so noch einmal in Ruhe ansehen.<\/p>\n","protected":false},"excerpt":{"rendered":"Bei den Fans des Gelsenkirchener Football-Verbandsligisten Gelsenkirchen Devils kommt eine Portion Wehmut auf. An diesem Samstag (15 Uhr,&hellip;\n","protected":false},"author":2,"featured_media":416852,"comment_status":"","ping_status":"","sticky":false,"template":"","format":"standard","meta":{"footnotes":""},"categories":[1848],"tags":[3364,29,548,663,3934,3658,30,13,14,15,1209,12],"class_list":{"0":"post-416851","1":"post","2":"type-post","3":"status-publish","4":"format-standard","5":"has-post-thumbnail","7":"category-gelsenkirchen","8":"tag-de","9":"tag-deutschland","10":"tag-eu","11":"tag-europa","12":"tag-europe","13":"tag-gelsenkirchen","14":"tag-germany","15":"tag-headlines","16":"tag-nachrichten","17":"tag-news","18":"tag-nordrhein-westfalen","19":"tag-schlagzeilen"},"share_on_mastodon":{"url":"https:\/\/pubeurope.com\/@de\/115191168772142625","error":""},"_links":{"self":[{"href":"https:\/\/www.europesays.com\/de\/wp-json\/wp\/v2\/posts\/416851","targetHints":{"allow":["GET"]}}],"collection":[{"href":"https:\/\/www.europesays.com\/de\/wp-json\/wp\/v2\/posts"}],"about":[{"href":"https:\/\/www.europesays.com\/de\/wp-json\/wp\/v2\/types\/post"}],"author":[{"embeddable":true,"href":"https:\/\/www.europesays.com\/de\/wp-json\/wp\/v2\/users\/2"}],"replies":[{"embeddable":true,"href":"https:\/\/www.europesays.com\/de\/wp-json\/wp\/v2\/comments?post=416851"}],"version-history":[{"count":0,"href":"https:\/\/www.europesays.com\/de\/wp-json\/wp\/v2\/posts\/416851\/revisions"}],"wp:featuredmedia":[{"embeddable":true,"href":"https:\/\/www.europesays.com\/de\/wp-json\/wp\/v2\/media\/416852"}],"wp:attachment":[{"href":"https:\/\/www.europesays.com\/de\/wp-json\/wp\/v2\/media?parent=416851"}],"wp:term":[{"taxonomy":"category","embeddable":true,"href":"https:\/\/www.europesays.com\/de\/wp-json\/wp\/v2\/categories?post=416851"},{"taxonomy":"post_tag","embeddable":true,"href":"https:\/\/www.europesays.com\/de\/wp-json\/wp\/v2\/tags?post=416851"}],"curies":[{"name":"wp","href":"https:\/\/api.w.org\/{rel}","templated":true}]}}