{"id":416881,"date":"2025-09-12T12:03:14","date_gmt":"2025-09-12T12:03:14","guid":{"rendered":"https:\/\/www.europesays.com\/de\/416881\/"},"modified":"2025-09-12T12:03:14","modified_gmt":"2025-09-12T12:03:14","slug":"nach-attentat-auf-charlie-kirk-fahndung-nach-dem-schuetzen","status":"publish","type":"post","link":"https:\/\/www.europesays.com\/de\/416881\/","title":{"rendered":"Nach Attentat auf Charlie Kirk: Fahndung nach dem Sch\u00fctzen"},"content":{"rendered":"<p>                    <img decoding=\"async\" loading=\"lazy\" class=\"internal-image\" title=\"Die vom FBI in Salt Lake City ver\u00f6ffentlichte Aufnahme zeigt eine Person von Interesse im Zusammenhang mit dem t\u00f6dlichen Schuss auf Charlie Kirk an der Utah Valley University.\" alt=\"Die vom FBI in Salt Lake City ver\u00f6ffentlichte Aufnahme zeigt eine Person von Interesse im Zusammenhang mit dem t\u00f6dlichen Schuss auf Charlie Kirk an der Utah Valley University.\" src=\"https:\/\/www.europesays.com\/de\/wp-content\/uploads\/2025\/09\/tatverdaechtiger-charlie-kirk-usa-100-1920x1080.jpg\" \/><\/p>\n<p>                  Rechtskonservativer Aktivist Kirk erschossen: Fahndung nach dem Tatverd\u00e4chtigen. (ZUMA Press Wire \/ FBI Salt Lake City)<\/p>\n<p>Das FBI ver\u00f6ffentlichte Fotos und Videoaufnahmen einer Person, die im Zusammenhang mit den Sch\u00fcssen auf den Influencer und Trump-Verb\u00fcndeten Kirk &#8222;von Interesse sei&#8220;, wie es hie\u00df. Die unscharfen Fotos einer \u00dcberwachungskamera zeigen eine Person in dunkler Kleidung mit einer schwarzen Sonnenbrille und einer Baseballkappe. Beamte des US-Bundesstaates Utah sprachen von dem &#8222;potenziellen Sch\u00fctzen&#8220;. Zuvor hatten die Ermittler mitgeteilt, sie h\u00e4tten die mutma\u00dfliche Tatwaffe, ein Repetiergewehr, in einem dem Tatort nahegelegenen Waldst\u00fcck gefunden.<\/p>\n<p>Der 31-j\u00e4hrige Kirk war am Mittwoch bei einer Veranstaltung vor rund 3.000 Menschen an der Universit\u00e4t im konservativen Bundesstaat Utah mit einem einzigen Schuss get\u00f6tet worden. Den Ermittlern zufolge war der T\u00e4ter wenige Minuten vor Beginn der Veranstaltung auf dem Campus eingetroffen und auf ein nahegelegenes Dach gestiegen.<\/p>\n<p>                Trump will keine gewaltsamen Reaktionen<\/p>\n<p>US-Pr\u00e4sident Trump will nach eigenen Worten nicht, dass Menschen mit Gewalt auf das t\u00f6dliche Schusswaffen-Attentat auf den rechtskonservativen Aktivisten Kirk antworten.<\/p>\n<p>Trump sagte Reportern in Washington, Kirk sei ein Verfechter der Gewaltlosigkeit gewesen. Und dies sei auch die Art und Weise, wie Menschen auf die Ermordung reagieren sollten. Unterdessen hat Vizepr\u00e4sident Vance den Sarg mit der Leiche des Get\u00f6teten in seinem Flugzeug Air Force Two nach Arizona gebracht.<\/p>\n<p>Kirk war Mitbegr\u00fcnder der ultrakonservativen Organisation Turning Point USA (etwa: Wendepunkt USA) und galt als Trumps Sprachrohr f\u00fcr eine j\u00fcngere Zielgruppe.<\/p>\n<p>Diese Nachricht wurde am 12.09.2025 im Programm Deutschlandfunk gesendet.<\/p>\n","protected":false},"excerpt":{"rendered":"Rechtskonservativer Aktivist Kirk erschossen: Fahndung nach dem Tatverd\u00e4chtigen. (ZUMA Press Wire \/ FBI Salt Lake City) Das FBI&hellip;\n","protected":false},"author":2,"featured_media":416882,"comment_status":"","ping_status":"","sticky":false,"template":"","format":"standard","meta":{"footnotes":""},"categories":[3977],"tags":[331,332,13,14,15,12,4017,4018,4016,64,4019,4020],"class_list":{"0":"post-416881","1":"post","2":"type-post","3":"status-publish","4":"format-standard","5":"has-post-thumbnail","7":"category-usa","8":"tag-aktuelle-nachrichten","9":"tag-aktuelle-news","10":"tag-headlines","11":"tag-nachrichten","12":"tag-news","13":"tag-schlagzeilen","14":"tag-united-states","15":"tag-united-states-of-america","16":"tag-us","17":"tag-usa","18":"tag-vereinigte-staaten","19":"tag-vereinigte-staaten-von-amerika"},"share_on_mastodon":{"url":"https:\/\/pubeurope.com\/@de\/115191231741826546","error":""},"_links":{"self":[{"href":"https:\/\/www.europesays.com\/de\/wp-json\/wp\/v2\/posts\/416881","targetHints":{"allow":["GET"]}}],"collection":[{"href":"https:\/\/www.europesays.com\/de\/wp-json\/wp\/v2\/posts"}],"about":[{"href":"https:\/\/www.europesays.com\/de\/wp-json\/wp\/v2\/types\/post"}],"author":[{"embeddable":true,"href":"https:\/\/www.europesays.com\/de\/wp-json\/wp\/v2\/users\/2"}],"replies":[{"embeddable":true,"href":"https:\/\/www.europesays.com\/de\/wp-json\/wp\/v2\/comments?post=416881"}],"version-history":[{"count":0,"href":"https:\/\/www.europesays.com\/de\/wp-json\/wp\/v2\/posts\/416881\/revisions"}],"wp:featuredmedia":[{"embeddable":true,"href":"https:\/\/www.europesays.com\/de\/wp-json\/wp\/v2\/media\/416882"}],"wp:attachment":[{"href":"https:\/\/www.europesays.com\/de\/wp-json\/wp\/v2\/media?parent=416881"}],"wp:term":[{"taxonomy":"category","embeddable":true,"href":"https:\/\/www.europesays.com\/de\/wp-json\/wp\/v2\/categories?post=416881"},{"taxonomy":"post_tag","embeddable":true,"href":"https:\/\/www.europesays.com\/de\/wp-json\/wp\/v2\/tags?post=416881"}],"curies":[{"name":"wp","href":"https:\/\/api.w.org\/{rel}","templated":true}]}}