{"id":416884,"date":"2025-09-12T12:05:14","date_gmt":"2025-09-12T12:05:14","guid":{"rendered":"https:\/\/www.europesays.com\/de\/416884\/"},"modified":"2025-09-12T12:05:14","modified_gmt":"2025-09-12T12:05:14","slug":"frankreich-im-aufruhr-massendemonstrationen-gegen-sparpaket","status":"publish","type":"post","link":"https:\/\/www.europesays.com\/de\/416884\/","title":{"rendered":"Frankreich im Aufruhr: Massendemonstrationen gegen Sparpaket"},"content":{"rendered":"<p>Wir m\u00fcssen schon wieder mit Frankreich beginnen: Was war dort das verst\u00f6rendste Ereignis in dieser Woche? 175 000 Demonstranten gegen das Sparpaket? Ein neuer Premierminister mit absehbarer Halbwertszeit? Die neuen Daten zur Rekordverschuldung? Nein, das Irritierendste ist nicht die Niederlage Bayrous, sondern das Ausmass dieser Niederlage: 364 der 577 Abgeordneten stimmten gegen ihn \u2013 selbst die b\u00fcrgerlichen Rechtsparteien mit vermeintlichem \u00f6konomischem Sachverstand votierten gegen den Sparkurs, weil die Regierung den \u00abhart arbeitenden\u00bb Franzosen doch tats\u00e4chlich zwei Feiertage wegnehmen wollte, wie der Republikaner-Parteichef \u00a0Wauqiez jammerte. Die Wochenarbeitszeit liegt bei schonenden 35 Stunden, das Renteneintrittsalters bei jugendlichen 62 Jahren. Doch zwei Feiertage weniger? Horror.<br \/>\u00a0<br \/>Wie erfrischend vern\u00fcnftig ist da unser Parlament, wie die Herbstsession eindrucksvoll demonstriert. Die unsinnige UKW-Abschaltung, mit der die SRG ohne Not hunderttausende H\u00f6rer abgeklemmt hat, was in der Privatwirtschaft zu K\u00f6pfe-Rollen f\u00fchren w\u00fcrde: Vom Nationalrat ausgesetzt, auch dank des ewig-jungen K\u00e4mpfers Schawinski. Der Lohndeckel f\u00fcr Banker von f\u00fcnf Millionen Franken, vom St\u00e4nderat in einem Anflug von Verwirrung beschlossen: Einkassiert. Pl\u00f6tzlich entdecken die Nationalr\u00e4te sogar die Wettbewerbsf\u00e4higkeit des Finanzplatzes, wenn auch bei der Geldw\u00e4sche nicht unbedingt im richtigen Bereich, aber immerhin: Der harte Vorschlag des Bundesrats wird abgeschw\u00e4cht \u2013 zu Jahresbeginn hatte die Schweiz in bester Mustersch\u00fcler-Manier noch die heftigen Kapitalregeln von Basel 3 einf\u00fchrt, obwohl alle grossen Finanzzentren bereits auf Deregulierung setzten. Das macht Hoffnung f\u00fcr das ganz grosse Gesch\u00e4ft: Die absurd hohen Eigenmittel-Anforderungen f\u00fcr die UBS, die jetzt im Parlament liegen. Bleiben wir hoffnungsfroh, dass die Parlamentarier hier die Vernunft zeigen, die Finanzdepartment und Finma vermissen liessen.<\/p>\n","protected":false},"excerpt":{"rendered":"Wir m\u00fcssen schon wieder mit Frankreich beginnen: Was war dort das verst\u00f6rendste Ereignis in dieser Woche? 175 000&hellip;\n","protected":false},"author":2,"featured_media":416885,"comment_status":"","ping_status":"","sticky":false,"template":"","format":"standard","meta":{"footnotes":""},"categories":[3974],"tags":[331,332,548,663,3934,3980,156,13,14,15,12],"class_list":{"0":"post-416884","1":"post","2":"type-post","3":"status-publish","4":"format-standard","5":"has-post-thumbnail","7":"category-frankreich","8":"tag-aktuelle-nachrichten","9":"tag-aktuelle-news","10":"tag-eu","11":"tag-europa","12":"tag-europe","13":"tag-france","14":"tag-frankreich","15":"tag-headlines","16":"tag-nachrichten","17":"tag-news","18":"tag-schlagzeilen"},"share_on_mastodon":{"url":"https:\/\/pubeurope.com\/@de\/115191239457628490","error":""},"_links":{"self":[{"href":"https:\/\/www.europesays.com\/de\/wp-json\/wp\/v2\/posts\/416884","targetHints":{"allow":["GET"]}}],"collection":[{"href":"https:\/\/www.europesays.com\/de\/wp-json\/wp\/v2\/posts"}],"about":[{"href":"https:\/\/www.europesays.com\/de\/wp-json\/wp\/v2\/types\/post"}],"author":[{"embeddable":true,"href":"https:\/\/www.europesays.com\/de\/wp-json\/wp\/v2\/users\/2"}],"replies":[{"embeddable":true,"href":"https:\/\/www.europesays.com\/de\/wp-json\/wp\/v2\/comments?post=416884"}],"version-history":[{"count":0,"href":"https:\/\/www.europesays.com\/de\/wp-json\/wp\/v2\/posts\/416884\/revisions"}],"wp:featuredmedia":[{"embeddable":true,"href":"https:\/\/www.europesays.com\/de\/wp-json\/wp\/v2\/media\/416885"}],"wp:attachment":[{"href":"https:\/\/www.europesays.com\/de\/wp-json\/wp\/v2\/media?parent=416884"}],"wp:term":[{"taxonomy":"category","embeddable":true,"href":"https:\/\/www.europesays.com\/de\/wp-json\/wp\/v2\/categories?post=416884"},{"taxonomy":"post_tag","embeddable":true,"href":"https:\/\/www.europesays.com\/de\/wp-json\/wp\/v2\/tags?post=416884"}],"curies":[{"name":"wp","href":"https:\/\/api.w.org\/{rel}","templated":true}]}}