{"id":417382,"date":"2025-09-12T16:38:15","date_gmt":"2025-09-12T16:38:15","guid":{"rendered":"https:\/\/www.europesays.com\/de\/417382\/"},"modified":"2025-09-12T16:38:15","modified_gmt":"2025-09-12T16:38:15","slug":"neckarinsel-in-stuttgart-erst-chillen-dann-baden-wir-wollen-den-ekel-vor-dem-neckar-nehmen","status":"publish","type":"post","link":"https:\/\/www.europesays.com\/de\/417382\/","title":{"rendered":"Neckarinsel in Stuttgart: Erst chillen, dann baden? \u201eWir wollen den Ekel vor dem Neckar nehmen!\u201c"},"content":{"rendered":"<p>Beim \u201eAfter Work\u201c auf der Neckarinsel kommt das junge Stuttgart vom Tag runter. F\u00fcrs eigentliche Ziel des Vereins m\u00fcssen die meisten Fans aber erst noch begeistert werden.<\/p>\n<p>Der junge Mann mit der Schirmm\u00fctze ist baff. \u201eMega\u201c, sagt er. \u201eIch h\u00e4tte nie gedacht, dass hier so was ist.\u201c Er kam eben frisch \u00fcber die Eisenbr\u00fccke, die \u00fcber die Stuttgarter Schleuse f\u00fchrt \u2013 <a href=\"https:\/\/www.stuttgarter-nachrichten.de\/inhalt.leben-am-ufer-wie-staedte-ihre-fluesse-erobern.555e784f-0800-435e-a39e-7b5af3f8a92c.html\" target=\"_blank\" rel=\"nofollow noopener\">in eine andere Welt.<\/a> W\u00fcrde man wirklich nie denken, wenn man dr\u00fcben am Fu\u00dfweg steht und <a href=\"https:\/\/www.stuttgarter-nachrichten.de\/inhalt.stuttgart-muss-viele-bruecken-sanieren-wie-marode-ist-die-koenig-karls-bruecke.b9bc9ef2-b193-4616-b67f-b809f579b98b.html\" target=\"_blank\" rel=\"nofollow noopener\">die K\u00f6nig-Karls-Br\u00fccke<\/a> hinter sich gelassen hat. Der Mann mit der Schirmm\u00fctze zieht los, um das fremde Eiland zu erkunden. <\/p>\n<p>In dieser anderen Welt ist eine Bar aufgebaut, an der orangefarbener Neckarino \u2013 Geheimrezept \u2013 ausgeschenkt wird. Zwischen zwei B\u00e4umen baumelt eine H\u00e4ngematte, am Rand der Holzterrasse sitzen einige Frauen im Schneidersitz in der Abendsonne, sie lachen, reden, trinken. Fast wie in einem Werbefilm. Willkommen zum \u201eAfter Work\u201c <a href=\"https:\/\/www.stuttgarter-nachrichten.de\/inhalt.saisonstart-in-bad-cannstatt-fans-der-neckarinsel-kommen-jetzt-wieder-auf-ihre-kosten-der-zuspruch-fuer-die-neckarinsel-waechst-neckarinsel-jetzt-wieder-besonderer-ort-in-stuttgart-die-neckarinsel-eroeffnet-die-saison-es-gibt-eigentlich-niemanden-der-sagt-die-neckarinsel-braucht-es-nicht-auf-der-neckarinsel-kehrt-wieder-leben-ein.f5ebbd33-8850-4a4d-9fe2-f94ca4006f72.html\" target=\"_blank\" rel=\"nofollow noopener\">auf der Neckarinsel,<\/a> einem realen Traum.<\/p>\n<p>Gleich neben der Schleuse, eingekesselt von Stra\u00dfen und Eisenbahnbr\u00fccken, <a href=\"https:\/\/www.stuttgarter-nachrichten.de\/inhalt.neckarinsel-in-stuttgart-baden-im-neckar-warum-kann-einem-verboten-werden-die-natur-zu-nutzen.0820a299-a5fa-45e9-9657-98bddea920ca.html\" target=\"_blank\" rel=\"nofollow noopener\">hat ein kleiner Verein Gro\u00dfes vor.<\/a> Die 35 Leute der Neckarinsel m\u00f6chten den <a href=\"https:\/\/www.stuttgarter-nachrichten.de\/thema\/Fluss\" title=\"Fluss\" class=\"art_thema\" rel=\"nofollow noopener\" target=\"_blank\">Fluss<\/a> zur\u00fcckerobern. Von der Schifffahrtsstra\u00dfe zum Schwimmbad \u2013 so wie das beispielsweise seit diesem Jahr an der Seine in Paris m\u00f6glich ist. \u201eWir wollen baden\u201c, lautet der Schlachtruf der Neckarinsel. Bis jetzt ist das in Stuttgart verboten.<\/p>\n<p>  <img decoding=\"async\" loading=\"lazy\" src=\"https:\/\/www.europesays.com\/de\/wp-content\/uploads\/2025\/09\/media.media.fd397dc6-12ce-4ce8-a248-a249b1b99bf6.original1024.media.jpeg\"\/>     Die Neckarinsel Stuttgart hat Gro\u00dfes vor. Sonja Schwarz (r.) und Mithelfer Max, Elmer, Carla    Foto: Lichtgut\/Ferdinando Iannone    <\/p>\n<p>Unter einem Kirschbaum, etwas abseits des After-Work-Trubels, hat sich ein Mann auf den blau-wei\u00df gestreiften Klappstuhl gesetzt und liest in seinem Buch. Kommt er hier nach Feierabend gut runter vom Tag? \u201eIch habe Urlaub und daher Zeit\u201c, sagt er. Er komme aus Filderstadt. \u201eIch habe von Freunden davon geh\u00f6rt.\u201c<\/p>\n<p>Die Idee findet er \u201eprivat und gesellschaftlich\u201c interessant. Dass es Menschen gibt, die auf ihren Flyern fragen: \u201eWo kannst du das <a href=\"https:\/\/www.stuttgarter-nachrichten.de\/thema\/Wasser\" title=\"Wasser\" class=\"art_thema\" rel=\"nofollow noopener\" target=\"_blank\">Wasser<\/a> ber\u00fchren?\u201c oder \u201eWas w\u00fcnschst du dem Fluss?\u201c Die eine greifbare Ahnung davon geben, wie es sein k\u00f6nnte. Auf dem Klappstuhl sitzt er mitten drin <a href=\"https:\/\/www.stuttgarter-nachrichten.de\/inhalt.wohnen-in-stuttgart-der-traum-vom-leben-in-stuttgart-am-neckar.be292153-03cf-4ade-a74a-359de4e6fc67.html\" target=\"_blank\" rel=\"nofollow noopener\">in diesem M\u00f6glichkeitsraum<\/a>.<\/p>\n<p>Neckar in Stuttgart ein \u201eIndustriefluss\u201c? <\/p>\n<p>Und will der Filderst\u00e4dter auch im Neckar baden? \u201eOoohhh\u201c, ist die spontane Reaktion. Dann, nach kurzem \u00dcberlegen: Wichtig w\u00e4re ihm, dass die Beh\u00f6rden vorher gr\u00fcnes Licht geben. \u201eIch will ja nicht in der letzten Giftbr\u00fche sitzen.\u201c<\/p>\n<p>Mit seiner Skepsis ist er nicht allein. Oben auf der Holzterrasse in der Frauenrunde, die tats\u00e4chlich direkt von der Arbeit kommt, geht nur eine Hand hoch, als es darum geht: Wollt ihr baden? Es gebe ja viele Ger\u00fcchte um diesen \u201eIndustriefluss\u201c, sagt eine.<\/p>\n<p>Sonja Schwarz kennt die Reaktionen. \u201eTotal viele ekeln sich vor dem Neckar\u201c, sagt sie, w\u00e4hrend sich Chillout-Musik mit dem Stuttgarter Stra\u00dfensound mischt. Die 28-J\u00e4hrige ist eine der beiden Hauptamtlichen im Neckarinsel-Verein. Um dem schlechten Image des Flusses entgegenzuwirken, machen sie das Ganze ja. Die Idee: Wenn die Stuttgarter ihren Neckar anders erleben, Zeit an seinem Ufer verbringen, sinkt vielleicht auch die Skepsis. <\/p>\n<p>Zudem werden seit diesem Jahr einmal die Woche <a href=\"https:\/\/www.stuttgarter-nachrichten.de\/inhalt.wasserqualitaet-in-stuttgart-hui-oder-pfui-verein-will-eine-ampel-fuers-baden-im-neckar.15b95c45-b973-4470-9168-6768748be777.html\" target=\"_blank\" rel=\"nofollow noopener\">Wasserproben entnommen<\/a>. Die Neckarinsel ver\u00f6ffentlicht die Werte tagesaktuell auf ihrer Homepage. Mit dem Ergebnis: An den meisten Tagen sei die Wasserqualit\u00e4t schwimmtauglich. G\u00e4be es da nicht das Badeverbot. <\/p>\n<p> <a href=\"https:\/\/www.stuttgarter-nachrichten.de\/inhalt.neckarinsel-in-stuttgart-baden-im-neckar-ausloten-was-moeglich-ist.01515a45-9aed-4e1b-ac18-4b0c00bb56e3.html\" target=\"_blank\" rel=\"nofollow noopener\">Um an dem Verbot zu r\u00fctteln<\/a>, l\u00e4dt der Verein zum Beispiel f\u00fcr diesen Sonntag, 14. September, zu einer Critical Nass: ein zweist\u00fcndiges Stand-up-Paddling auf dem Fluss. Wer dabei ins Wasser f\u00e4llt, macht sich \u00fcbrigens nicht strafbar. \u201eDas z\u00e4hlt offiziell nicht als Baden\u201c, sagt Sonja Schwarz.<\/p>\n<p>Am Sonntag, 28. September, nehmen die Neckarfreunde dann f\u00fcr dieses Jahr Abschied vom Fluss. Bei einem Insel-Closing gibt es die legend\u00e4ren Freibad-Fritten, sagt Sonja Schwarz. \u201eDamit hat alles angefangen.\u201c Vorne am M\u00fchlsteg, als sie die Neckarinsel noch nicht geentert hatten.<\/p>\n","protected":false},"excerpt":{"rendered":"Beim \u201eAfter Work\u201c auf der Neckarinsel kommt das junge Stuttgart vom Tag runter. F\u00fcrs eigentliche Ziel des Vereins&hellip;\n","protected":false},"author":2,"featured_media":417383,"comment_status":"","ping_status":"","sticky":false,"template":"","format":"standard","meta":{"footnotes":"","_share_on_mastodon":"0"},"categories":[1830],"tags":[20373,74484,5587,1634,3364,29,28491,30,14480,31832,3652,1441,4106],"class_list":["post-417382","post","type-post","status-publish","format-standard","has-post-thumbnail","category-stuttgart","tag-schwimmen","tag-after-work","tag-baden","tag-baden-wuerttemberg","tag-de","tag-deutschland","tag-fluss","tag-germany","tag-neckar","tag-neckarinsel","tag-stadtkind","tag-stuttgart","tag-wasser"],"share_on_mastodon":{"url":"https:\/\/pubeurope.com\/@de\/115192313149738330","error":""},"_links":{"self":[{"href":"https:\/\/www.europesays.com\/de\/wp-json\/wp\/v2\/posts\/417382","targetHints":{"allow":["GET"]}}],"collection":[{"href":"https:\/\/www.europesays.com\/de\/wp-json\/wp\/v2\/posts"}],"about":[{"href":"https:\/\/www.europesays.com\/de\/wp-json\/wp\/v2\/types\/post"}],"author":[{"embeddable":true,"href":"https:\/\/www.europesays.com\/de\/wp-json\/wp\/v2\/users\/2"}],"replies":[{"embeddable":true,"href":"https:\/\/www.europesays.com\/de\/wp-json\/wp\/v2\/comments?post=417382"}],"version-history":[{"count":0,"href":"https:\/\/www.europesays.com\/de\/wp-json\/wp\/v2\/posts\/417382\/revisions"}],"wp:featuredmedia":[{"embeddable":true,"href":"https:\/\/www.europesays.com\/de\/wp-json\/wp\/v2\/media\/417383"}],"wp:attachment":[{"href":"https:\/\/www.europesays.com\/de\/wp-json\/wp\/v2\/media?parent=417382"}],"wp:term":[{"taxonomy":"category","embeddable":true,"href":"https:\/\/www.europesays.com\/de\/wp-json\/wp\/v2\/categories?post=417382"},{"taxonomy":"post_tag","embeddable":true,"href":"https:\/\/www.europesays.com\/de\/wp-json\/wp\/v2\/tags?post=417382"}],"curies":[{"name":"wp","href":"https:\/\/api.w.org\/{rel}","templated":true}]}}