{"id":417543,"date":"2025-09-12T18:04:12","date_gmt":"2025-09-12T18:04:12","guid":{"rendered":"https:\/\/www.europesays.com\/de\/417543\/"},"modified":"2025-09-12T18:04:12","modified_gmt":"2025-09-12T18:04:12","slug":"baukran-stuerzt-in-trudering-ein-und-streift-wohnhaus","status":"publish","type":"post","link":"https:\/\/www.europesays.com\/de\/417543\/","title":{"rendered":"Baukran st\u00fcrzt in Trudering ein und streift Wohnhaus"},"content":{"rendered":"<p>In M\u00fcnchen-Trudering <\/p>\n<p>Baukran st\u00fcrzt ein und streift Wohnhaus<\/p>\n<p>12.09.2025 &#8211; 19:27 UhrLesedauer: 1 Min.<\/p>\n<p><a href=\"#focus-0\" class=\"transition-colors duration-200 block text-current relative\" data-sctrack=\"FocusGalleryImage.Reference\"><img fetchpriority=\"high\" data-testid=\"Opener.Image\" style=\"--lqipURL:url('https:\/\/images.t-online.de\/2025\/09\/b37i4KBRUidb\/0x375:4000x2250\/fit-in\/150x0\/filters:blur(25)\/der-umgestuerzte-kran-liegt-in-der-sonnenspitzstrasse-die-feuerwehr-ist-vor-ort-im-einsatz-wie-es-zu-dem-unglueck-kommen-konnte-ist-noch-unklar.jpg')\"   loading=\"eager\" src=\"https:\/\/www.europesays.com\/de\/wp-content\/uploads\/2025\/09\/der-umgestuerzte-kran-liegt-in-der-sonnenspitzstrasse-die-feuerwehr-ist-vor-ort-im-einsatz-wie-es-zu.jpeg\" alt=\"Der umgest\u00fcrzte Kran liegt in der Sonnenspitzstra\u00dfe: Die Feuerwehr ist vor Ort im Einsatz, wie es zu dem Ungl\u00fcck kommen konnte, ist noch unklar.\" title=\"Der umgest\u00fcrzte Kran liegt in der Sonnenspitzstra\u00dfe: Die Feuerwehr ist vor Ort im Einsatz, wie es zu dem Ungl\u00fcck kommen konnte, ist noch unklar.\" width=\"4000\" height=\"2250\" class=\"bg-[url:var(--lqipURL)] bg-cover bg-center flex h-full w-full max-w-full\" decoding=\"async\"\/><img style=\"--width:32;--height:32\" loading=\"lazy\" src=\"https:\/\/muenchen.t-online.de\/s\/paper\/_next\/static\/media\/zoom-in.f7dae02f.svg\" alt=\"Vergr\u00f6\u00dfern des Bildes\" title=\"Vergr\u00f6\u00dfern des Bildes\" class=\"block h-[calc(var(--height)_\/_16_*_1rem)] w-[calc(var(--width)_\/_16_*_1rem)] max-w-none absolute bottom-8 right-8 rounded-4 bg-snow p-8\" decoding=\"async\"\/><\/a><\/p>\n<p>Der umgest\u00fcrzte Kran liegt auf der Sonnenspitzstra\u00dfe: Die Feuerwehr ist vor Ort im Einsatz. (Quelle: vifogra \/ Paul)<\/p>\n<p class=\"font-bold text-18 leading-17\">Der Schaden ist wohl hoch, die Ursache noch unklar: In M\u00fcnchen-Trudering st\u00fcrzt ein Baukran ein und landet mitten auf der Stra\u00dfe.<\/p>\n<p class=\"text-18 leading-17\">Schrecksekunde in M\u00fcnchen-Trudering: Aus noch ungekl\u00e4rter Ursache ist am Freitagnachmittag ein Baukran an der Sonnenspitzstra\u00dfe eingest\u00fcrzt. Bei dem Sturz habe der Kran ein Haus gestreift und besch\u00e4digt, sagte eine Polizeisprecherin auf Nachfrage von t-online. Verletzt worden sei niemand.<\/p>\n<p class=\"text-18 leading-17\">Zum Liegen kam der Kran schlie\u00dflich mitten auf der Stra\u00dfe. Ein Reporter berichtet von der Ungl\u00fccksstelle, dass auch eine Oberleitung besch\u00e4digt worden sein soll. Die Feuerwehr ist vor Ort im Einsatz.<\/p>\n","protected":false},"excerpt":{"rendered":"In M\u00fcnchen-Trudering Baukran st\u00fcrzt ein und streift Wohnhaus 12.09.2025 &#8211; 19:27 UhrLesedauer: 1 Min. Der umgest\u00fcrzte Kran liegt&hellip;\n","protected":false},"author":2,"featured_media":417544,"comment_status":"","ping_status":"","sticky":false,"template":"","format":"standard","meta":{"footnotes":"","_share_on_mastodon":"0"},"categories":[1827],"tags":[11587,772,29,985,30,1268,109973,109974,38393],"class_list":["post-417543","post","type-post","status-publish","format-standard","has-post-thumbnail","category-muenchen","tag-baukran","tag-bayern","tag-deutschland","tag-feuerwehr","tag-germany","tag-muenchen","tag-muenchen-trudering","tag-sonnenspitzstrasse","tag-trudering"],"share_on_mastodon":{"url":"https:\/\/pubeurope.com\/@de\/115192651199747201","error":""},"_links":{"self":[{"href":"https:\/\/www.europesays.com\/de\/wp-json\/wp\/v2\/posts\/417543","targetHints":{"allow":["GET"]}}],"collection":[{"href":"https:\/\/www.europesays.com\/de\/wp-json\/wp\/v2\/posts"}],"about":[{"href":"https:\/\/www.europesays.com\/de\/wp-json\/wp\/v2\/types\/post"}],"author":[{"embeddable":true,"href":"https:\/\/www.europesays.com\/de\/wp-json\/wp\/v2\/users\/2"}],"replies":[{"embeddable":true,"href":"https:\/\/www.europesays.com\/de\/wp-json\/wp\/v2\/comments?post=417543"}],"version-history":[{"count":0,"href":"https:\/\/www.europesays.com\/de\/wp-json\/wp\/v2\/posts\/417543\/revisions"}],"wp:featuredmedia":[{"embeddable":true,"href":"https:\/\/www.europesays.com\/de\/wp-json\/wp\/v2\/media\/417544"}],"wp:attachment":[{"href":"https:\/\/www.europesays.com\/de\/wp-json\/wp\/v2\/media?parent=417543"}],"wp:term":[{"taxonomy":"category","embeddable":true,"href":"https:\/\/www.europesays.com\/de\/wp-json\/wp\/v2\/categories?post=417543"},{"taxonomy":"post_tag","embeddable":true,"href":"https:\/\/www.europesays.com\/de\/wp-json\/wp\/v2\/tags?post=417543"}],"curies":[{"name":"wp","href":"https:\/\/api.w.org\/{rel}","templated":true}]}}