{"id":417742,"date":"2025-09-12T19:50:23","date_gmt":"2025-09-12T19:50:23","guid":{"rendered":"https:\/\/www.europesays.com\/de\/417742\/"},"modified":"2025-09-12T19:50:23","modified_gmt":"2025-09-12T19:50:23","slug":"erneuerungen-sorgen-fuer-mehr-patientenkomfort","status":"publish","type":"post","link":"https:\/\/www.europesays.com\/de\/417742\/","title":{"rendered":"Erneuerungen sorgen f\u00fcr mehr Patientenkomfort"},"content":{"rendered":"<p>\t\t\tDRK-Krankenhaus investiert in Dermatologie: Erneuerungen sorgen f\u00fcr mehr Patientenkomfort<br \/>\n\t\t\t\t\t\t\t\t\t\t\t\t<b>Medizin<\/b> Neubau an Tagesklinik in Rabenstein ist fertiggestellt<\/p>\n<p>Von Steffi Hofmann<\/p>\n<p>\t\t\t\t12.09.2025, 19:57 Uhr<\/p>\n<p>\t\t\t\t<a id=\"whatsapp_channel_link\" href=\"https:\/\/whatsapp.com\/channel\/0029Va6RBvnLY6dCNLfeAA0c\" data-ct=\"SHARE\/WHATSAPPKANAL\" rel=\"nofollow noopener\" target=\"_blank\"><br \/>\n\t\t\t\t\t<img decoding=\"async\" alt=\"Zum Blick WhatsApp Kanal\" src=\"https:\/\/www.blick.de\/img\/WhatsApp-Kanal.svg\"\/><br \/>\n\t\t\t\t<\/a><\/p>\n<ul class=\"gallery-items\">\n<li class=\"img gallery-item\">\n<p>\t\t\t\t\t\t\t\t\t\t\t\t\t\t\t\t\t\t\t\t\t\t\t\t\t\t\t\t\t\t\t\t\t\t\t\t\t\t\t\t\t\t\t\t\t\t<img decoding=\"async\" class=\"media-image \" loading=\"eager\" src=\"https:\/\/www.europesays.com\/de\/wp-content\/uploads\/2025\/09\/17244454_W400C740x499o0x0.jpg\" alt=\"DRK-Krankenhaus investiert in Dermatologie: Erneuerungen sorgen f\u00fcr mehr Patientenkomfort - Der Neubau an der Tagesklinik in Rabenstein ist fertig.\"   style=\"&#10;&#9;&#9;&#9;aspect-ratio:740\/499;&#10;&#9;&#9;&#9;background: url(data:image\/jpg;base64,\/9j\/4AAQSkZJRgABAQEBLAEsAAD\/2wBDAAUDBAQEAwUEBAQFBQUGBwwIBwcHBw8LCwkMEQ8SEhEPERETFhwXExQaFRERGCEYGh0dHx8fExciJCIeJBweHx7\/2wBDAQUFBQcGBw4ICA4eFBEUHh4eHh4eHh4eHh4eHh4eHh4eHh4eHh4eHh4eHh4eHh4eHh4eHh4eHh4eHh4eHh4eHh7\/wAARCAAHAAoDASIAAhEBAxEB\/8QAFgABAQEAAAAAAAAAAAAAAAAAAAQF\/8QAIBAAAQMEAwEBAAAAAAAAAAAAAQIDBAAFERIGQWEhMf\/EABUBAQEAAAAAAAAAAAAAAAAAAAME\/8QAGhEAAgMBAQAAAAAAAAAAAAAAAQIAAyERsf\/aAAwDAQACEQMRAD8A1Hrnym3RplwuS2nbbDXJKApwKJB0DROBnA2c+fuPaoi8+hyYzUiRDZDzqAtwAqxsRk9Hv00pQWIrvsqHBSM3p8E\/\/9k=) no-repeat left top; background-size: cover;&#9;&#9;&#9;height: 100%;&#9;&#9;\"\/><\/p>\n<p>\n\t\t\t\t\t\t\t\t\tDer Neubau an der Tagesklinik in Rabenstein ist fertig. Foto: Steffi Hofmann\n\t\t\t\t\t\t\t\t<\/p>\n<\/li>\n<li class=\"img gallery-item\">\n<p>\t\t\t\t\t\t\t\t\t\t\t\t\t\t\t\t\t\t\t\t\t\t\t\t\t\t\t\t\t\t\t\t\t\t\t\t\t\t\t\t\t<img decoding=\"async\" class=\"media-image \" loading=\"lazy\" src=\"https:\/\/www.europesays.com\/de\/wp-content\/uploads\/2025\/09\/17244458_W400C740x499o0x0.jpg\" alt=\"DRK-Krankenhaus investiert in Dermatologie: Erneuerungen sorgen f\u00fcr mehr Patientenkomfort - Die neuen R\u00e4umlichkeiten zugunsten der Patientinnen und Patienten.\"   style=\"&#10;&#9;&#9;&#9;aspect-ratio:740\/499;&#10;&#9;&#9;&#9;background: url(data:image\/jpg;base64,\/9j\/4AAQSkZJRgABAQEBLAEsAAD\/2wBDAAUDBAQEAwUEBAQFBQUGBwwIBwcHBw8LCwkMEQ8SEhEPERETFhwXExQaFRERGCEYGh0dHx8fExciJCIeJBweHx7\/2wBDAQUFBQcGBw4ICA4eFBEUHh4eHh4eHh4eHh4eHh4eHh4eHh4eHh4eHh4eHh4eHh4eHh4eHh4eHh4eHh4eHh4eHh7\/wAARCAAHAAoDASIAAhEBAxEB\/8QAFQABAQAAAAAAAAAAAAAAAAAAAAb\/xAAjEAABAwIGAwEAAAAAAAAAAAABAgMRBAUABhIhMVEHEyRh\/8QAFQEBAQAAAAAAAAAAAAAAAAAABAX\/xAAaEQACAwEBAAAAAAAAAAAAAAABAgMRYQAh\/9oADAMBAAIRAxEAPwChz\/csw2GkRcvkrLa3pW+ZU2pviREkkE9d\/m8LS+TLw9TNPMUFt9S0BSNTMnSRInfmMMMEZLci+rRiNYA5QE2R7lbvf\/\/Z) no-repeat left top; background-size: cover;&#9;&#9;&#9;height: 100%;&#9;&#9;\"\/><\/p>\n<p>\n\t\t\t\t\t\t\t\t\tDie neuen R\u00e4umlichkeiten zugunsten der Patientinnen und Patienten. Foto: Steffi Hofmann\n\t\t\t\t\t\t\t\t<\/p>\n<\/li>\n<li class=\"img gallery-item\">\n<p>\t\t\t\t\t\t\t\t\t\t\t\t\t\t\t\t\t\t\t\t\t\t\t\t\t\t\t\t\t\t\t\t\t\t\t\t\t\t\t\t\t<img decoding=\"async\" class=\"media-image \" loading=\"lazy\" src=\"https:\/\/www.europesays.com\/de\/wp-content\/uploads\/2025\/09\/17244460_W400C740x499o0x0.jpg\" alt=\"DRK-Krankenhaus investiert in Dermatologie: Erneuerungen sorgen f\u00fcr mehr Patientenkomfort - Das DRK-Krankenhaus investiert in Dermatologie.\"   style=\"&#10;&#9;&#9;&#9;aspect-ratio:740\/499;&#10;&#9;&#9;&#9;background: url(data:image\/jpg;base64,\/9j\/4AAQSkZJRgABAQEBLAEsAAD\/2wBDAAUDBAQEAwUEBAQFBQUGBwwIBwcHBw8LCwkMEQ8SEhEPERETFhwXExQaFRERGCEYGh0dHx8fExciJCIeJBweHx7\/2wBDAQUFBQcGBw4ICA4eFBEUHh4eHh4eHh4eHh4eHh4eHh4eHh4eHh4eHh4eHh4eHh4eHh4eHh4eHh4eHh4eHh4eHh7\/wAARCAAHAAoDASIAAhEBAxEB\/8QAFQABAQAAAAAAAAAAAAAAAAAAAAb\/xAAiEAABAwMDBQAAAAAAAAAAAAABAAQRAgYhAxQxBRIWQXH\/xAAUAQEAAAAAAAAAAAAAAAAAAAAE\/8QAGxEAAwACAwAAAAAAAAAAAAAAAQIDAAQhMbH\/2gAMAwEAAhEDEQA\/ALWwb78od9WOycadDJ8WoM09sRgcyTIJ4jKt9yfVWPiIibk1ldlTrjwYmbFkBOf\/2Q==) no-repeat left top; background-size: cover;&#9;&#9;&#9;height: 100%;&#9;&#9;\"\/><\/p>\n<p>\n\t\t\t\t\t\t\t\t\tDas DRK-Krankenhaus investiert in Dermatologie. Foto: Steffi Hofmann\n\t\t\t\t\t\t\t\t<\/p>\n<\/li>\n<li class=\"img gallery-item\">\n<p>\t\t\t\t\t\t\t\t\t\t\t\t\t\t\t\t\t\t\t\t\t\t\t\t\t\t\t\t\t\t\t\t\t\t\t\t\t\t\t\t\t<img decoding=\"async\" class=\"media-image \" loading=\"lazy\" src=\"https:\/\/www.europesays.com\/de\/wp-content\/uploads\/2025\/09\/17244465_W400C740x499o0x0.jpg\" alt=\"DRK-Krankenhaus investiert in Dermatologie: Erneuerungen sorgen f\u00fcr mehr Patientenkomfort - Das DRK Krankenhaus hat einen Neubau mit modernen R\u00e4umlichkeiten.\"   style=\"&#10;&#9;&#9;&#9;aspect-ratio:740\/499;&#10;&#9;&#9;&#9;background: url(data:image\/jpg;base64,\/9j\/4AAQSkZJRgABAQEBLAEsAAD\/2wBDAAUDBAQEAwUEBAQFBQUGBwwIBwcHBw8LCwkMEQ8SEhEPERETFhwXExQaFRERGCEYGh0dHx8fExciJCIeJBweHx7\/2wBDAQUFBQcGBw4ICA4eFBEUHh4eHh4eHh4eHh4eHh4eHh4eHh4eHh4eHh4eHh4eHh4eHh4eHh4eHh4eHh4eHh4eHh7\/wAARCAAHAAoDASIAAhEBAxEB\/8QAFQABAQAAAAAAAAAAAAAAAAAAAAb\/xAAgEAACAQQBBQAAAAAAAAAAAAACAwEABAUREwYHEmFx\/8QAFQEBAQAAAAAAAAAAAAAAAAAAAgX\/xAAbEQADAAIDAAAAAAAAAAAAAAABAgMABAVBwf\/aAAwDAQACEQMRAD8AserrlmGxuQzIXb2cgrSpLCjjWwihYSOhmY2Rxve4+VAYfvdgWYizZfQwbskAT4BRSMHIx5RHre6UqjxWpPYmxfo+YL1ZCAM\/\/9k=) no-repeat left top; background-size: cover;&#9;&#9;&#9;height: 100%;&#9;&#9;\"\/><\/p>\n<p>\n\t\t\t\t\t\t\t\t\tDas DRK Krankenhaus hat einen Neubau mit modernen R\u00e4umlichkeiten. Foto: Steffi Hofmann\n\t\t\t\t\t\t\t\t<\/p>\n<\/li>\n<li class=\"img gallery-item\">\n<p>\t\t\t\t\t\t\t\t\t\t\t\t\t\t\t\t\t\t\t\t\t\t\t\t\t\t\t\t\t\t\t\t\t\t\t\t\t\t\t\t\t<img decoding=\"async\" class=\"media-image \" loading=\"lazy\" src=\"https:\/\/www.europesays.com\/de\/wp-content\/uploads\/2025\/09\/17244468_W400C740x499o0x0.jpg\" alt=\"DRK-Krankenhaus investiert in Dermatologie: Erneuerungen sorgen f\u00fcr mehr Patientenkomfort - Patientinnen und Patienten sollen mehr Komfort erhalten.\"   style=\"&#10;&#9;&#9;&#9;aspect-ratio:740\/499;&#10;&#9;&#9;&#9;background: url(data:image\/jpg;base64,\/9j\/4AAQSkZJRgABAQEBLAEsAAD\/2wBDAAUDBAQEAwUEBAQFBQUGBwwIBwcHBw8LCwkMEQ8SEhEPERETFhwXExQaFRERGCEYGh0dHx8fExciJCIeJBweHx7\/2wBDAQUFBQcGBw4ICA4eFBEUHh4eHh4eHh4eHh4eHh4eHh4eHh4eHh4eHh4eHh4eHh4eHh4eHh4eHh4eHh4eHh4eHh7\/wAARCAAHAAoDASIAAhEBAxEB\/8QAFgABAQEAAAAAAAAAAAAAAAAAAAQH\/8QAHhAAAgIDAAMBAAAAAAAAAAAAAQIDEQAEBQcSISL\/xAAVAQEBAAAAAAAAAAAAAAAAAAAEBf\/EABsRAAICAwEAAAAAAAAAAAAAAAECAAMEBTFB\/9oADAMBAAIRAxEAPwCPa8ty7O3x4NCKNe6\/Urdgji9IzH+gqlmuwVItgfb5VCzmzQxdWeFJ2dEaRQ5VWsKT9oYxgsb1RK+xpSsKwHZ\/\/9k=) no-repeat left top; background-size: cover;&#9;&#9;&#9;height: 100%;&#9;&#9;\"\/><\/p>\n<p>\n\t\t\t\t\t\t\t\t\tPatientinnen und Patienten sollen mehr Komfort erhalten. Foto: Steffi Hofmann\n\t\t\t\t\t\t\t\t<\/p>\n<\/li>\n<\/ul>\n<p>1\/5<\/p>\n<p>\t\t\t\t\t\t\t\t\t\t\t\t\t\t\t\t\t\t\t\t\t\t\t\t\t\t\t\t\t\t<b class=\"ortsmarke\">Chemnitz.<\/b>\u00a0<\/p>\n<p>Das <a href=\"https:\/\/www.blick.de\/thema\/organisation\/drk\" title=\"DRK\" class=\"internal-article-link\" data-ct=\"ENTITY\/ORGANISATION\/DRK\" rel=\"nofollow noopener\" target=\"_blank\">DRK<\/a> Krankenhaus <a href=\"https:\/\/www.blick.de\/thema\/ort\/rabenstein\" title=\"Rabenstein\" class=\"internal-article-link\" data-ct=\"ENTITY\/LOCATION\/RABENSTEIN\" rel=\"nofollow noopener\" target=\"_blank\">Rabenstein<\/a> hat in den letzten Monaten einen Neubau als Teil der dermatologischen Tagesklinik errichtet. Anfang August ist bereits ein gro\u00dfer Therapieraum mit elf weiteren Pl\u00e4tzen f\u00fcr Immun- und Chemotherapie in Betrieb gegangen. Seit September wird zudem eine neue Kabine f\u00fcr Phototherapie genutzt. Mehr Komfort erhalten die Patienten zudem durch drei Therapiewannen, die jetzt bequem erreichbar sind und f\u00fcr verschiedene Hauterkrankungen wie Neurodermitis, Schuppenflechte oder Ekzeme angewendet werden. <\/p>\n<p>\t\t\t\t\t\t\t\t\t\t\t\t\t\t\t\t\t\tNeue Behandlungsmethode eingef\u00fchrt<\/p>\n<p>Eine bedeutende Behandlungsmethode, die in den neuen R\u00e4umlichkeiten durchgef\u00fchrt wird, ist die extrakorporale Photopherese. Dabei wird das Blut des Patienten au\u00dferhalb des K\u00f6rpers verarbeitet, lichtempfindlich gemacht und anschlie\u00dfend wieder dem Patienten zugef\u00fchrt. <\/p>\n<p>\t\t\t\t\t\t\t\t\t\t\t\t\t\t\t\t\t\tPatientenanzahl steigt weiter<\/p>\n<p>Eingesetzt wird die Photopherese unter anderem bei Lymphen, Hautrheuma sowie entz\u00fcndlichen Erkrankungen der Haut, wie zum Beispiel Ekzem. Im neuen Anbau der Tagesklinik wird zudem die Immuntherapie bei fortgeschrittenem Hautkrebs durchgef\u00fchrt. Die Zahl dieser Patienten steigt kontinuierlich: 2010 wurden 397 neue F\u00e4lle mit wei\u00dfem Hautkrebs gez\u00e4hlt, im vergangenen Jahr waren es bereits 880. Auch der schwarze Hautkrebs nimmt zu &#8211; von 143 Patienten 2010 auf 230 im Jahr 2024. <\/p>\n<p>\t\t\t\t\t\t\t\t\t\t\t\t\t\t\t\t\t\tLange Wartezeiten bleiben weiterhin ein Problem<\/p>\n<p>Neben den medizinischen Neuerungen verk\u00fcrzt der Ausbau der Tagesklinik auch die Wartezeiten bei konservativen Behandlungen und erm\u00f6glicht effizientere Abl\u00e4ufe durch kurze Wege. <\/p>\n","protected":false},"excerpt":{"rendered":"DRK-Krankenhaus investiert in Dermatologie: Erneuerungen sorgen f\u00fcr mehr Patientenkomfort Medizin Neubau an Tagesklinik in Rabenstein ist fertiggestellt Von&hellip;\n","protected":false},"author":2,"featured_media":417743,"comment_status":"","ping_status":"","sticky":false,"template":"","format":"standard","meta":{"footnotes":""},"categories":[1851],"tags":[2770,3364,29,548,663,3934,30,13,10701,14,15,859,12],"class_list":{"0":"post-417742","1":"post","2":"type-post","3":"status-publish","4":"format-standard","5":"has-post-thumbnail","7":"category-chemnitz","8":"tag-chemnitz","9":"tag-de","10":"tag-deutschland","11":"tag-eu","12":"tag-europa","13":"tag-europe","14":"tag-germany","15":"tag-headlines","16":"tag-krankenhaeuser","17":"tag-nachrichten","18":"tag-news","19":"tag-sachsen","20":"tag-schlagzeilen"},"share_on_mastodon":{"url":"https:\/\/pubeurope.com\/@de\/115193068223549350","error":""},"_links":{"self":[{"href":"https:\/\/www.europesays.com\/de\/wp-json\/wp\/v2\/posts\/417742","targetHints":{"allow":["GET"]}}],"collection":[{"href":"https:\/\/www.europesays.com\/de\/wp-json\/wp\/v2\/posts"}],"about":[{"href":"https:\/\/www.europesays.com\/de\/wp-json\/wp\/v2\/types\/post"}],"author":[{"embeddable":true,"href":"https:\/\/www.europesays.com\/de\/wp-json\/wp\/v2\/users\/2"}],"replies":[{"embeddable":true,"href":"https:\/\/www.europesays.com\/de\/wp-json\/wp\/v2\/comments?post=417742"}],"version-history":[{"count":0,"href":"https:\/\/www.europesays.com\/de\/wp-json\/wp\/v2\/posts\/417742\/revisions"}],"wp:featuredmedia":[{"embeddable":true,"href":"https:\/\/www.europesays.com\/de\/wp-json\/wp\/v2\/media\/417743"}],"wp:attachment":[{"href":"https:\/\/www.europesays.com\/de\/wp-json\/wp\/v2\/media?parent=417742"}],"wp:term":[{"taxonomy":"category","embeddable":true,"href":"https:\/\/www.europesays.com\/de\/wp-json\/wp\/v2\/categories?post=417742"},{"taxonomy":"post_tag","embeddable":true,"href":"https:\/\/www.europesays.com\/de\/wp-json\/wp\/v2\/tags?post=417742"}],"curies":[{"name":"wp","href":"https:\/\/api.w.org\/{rel}","templated":true}]}}