{"id":417788,"date":"2025-09-12T20:15:11","date_gmt":"2025-09-12T20:15:11","guid":{"rendered":"https:\/\/www.europesays.com\/de\/417788\/"},"modified":"2025-09-12T20:15:11","modified_gmt":"2025-09-12T20:15:11","slug":"un-wollen-ende-der-hamas-und-eine-zweistaatenloesung","status":"publish","type":"post","link":"https:\/\/www.europesays.com\/de\/417788\/","title":{"rendered":"UN wollen Ende der Hamas &#8211; und eine Zweistaatenl\u00f6sung"},"content":{"rendered":"<p class=\"metatextline\">Stand: 12.09.2025 20:19 Uhr<\/p>\n<p class=\"textabsatz columns twelve  m-ten  m-offset-one l-eight l-offset-two\">\n        <strong>Die UN-Generalversammlung hat mit gro\u00dfer Mehrheit ein Ende der Hamas-Herrschaft im Gazastreifen gefordert &#8211; auch, weil dies die Voraussetzung f\u00fcr eine Zweistaatenl\u00f6sung w\u00e4re. Ein Vorschlag, den Israel einmal mehr abgelehnt hat.<\/strong>\n    <\/p>\n<p class=\"textabsatz m-ten m-offset-one l-eight l-offset-two columns twelve\">Die UN-Vollversammlung unterst\u00fctzt mit breiter Mehrheit ein Dokument, in dem ein Ende der Hamas-Herrschaft im Gazastreifen gefordert wird. 142 L\u00e4nder &#8211; unter ihnen Deutschland &#8211; sprachen sich daf\u00fcr aus, nur zehn stimmten dagegen. Darunter allerdings die USA und Israel. Zw\u00f6lf Mitgliedsl\u00e4nder enthielten sich.<\/p>\n<p class=\"textabsatz m-ten m-offset-one l-eight l-offset-two columns twelve\">&#8222;Im Rahmen der Beendigung des Krieges im Gazastreifen muss die Hamas ihre Herrschaft im Gazastreifen beenden und ihre Waffen mit internationalem Engagement und Unterst\u00fctzung an die Pal\u00e4stinensische Autonomiebeh\u00f6rde \u00fcbergeben&#8220;, hei\u00dft es in dem Dokument w\u00f6rtlich. Zudem wird der Hamas-Terroranschlag auf Israel vom 7. Oktober verurteilt.\u00a0Ausgearbeitet worden war das Papier von 17 L\u00e4ndern, darunter Gro\u00dfbritannien, Kanada, Brasilien und Jordanien.<\/p>\n<p>    &#8222;Schlecht getimter PR-Gag&#8220;<\/p>\n<p class=\"textabsatz m-ten m-offset-one l-eight l-offset-two columns twelve\">Israel und sein engster Verb\u00fcndeter, die USA, kritisieren das Dokument scharf. Denn in dem Dokument wird auch eine Zweistaatenl\u00f6sung gefordert, die Israel ablehnt. In dem Papier werden &#8222;handfeste, zeitlich begrenzte und unumkehrbare Schritte&#8220; auf dem Weg zu einer Koexistenz von Israel und den Pal\u00e4stinensern skizziert.<\/p>\n<p class=\"textabsatz m-ten m-offset-one l-eight l-offset-two columns twelve\">Die USA bezeichneten die Abstimmung als &#8222;einen weiteren fehlgeleiteten und schlecht getimten PR-Gag&#8220;. Diplomatische Bem\u00fchungen zur Beendigung des Konflikts w\u00fcrden damit untergraben. Israel wies die Erkl\u00e4rung als einseitig zur\u00fcck und bezeichnete die Abstimmung als Theater.<\/p>\n<p class=\"textabsatz m-ten m-offset-one l-eight l-offset-two columns twelve\">Bei dem Hamas-Angriff auf Israel am 7. Oktober 2023 wurden mehr als 1.200 Menschen, \u00fcberwiegend Zivilisten, von der Terrororganisation ermordet und 251 als Geiseln genommen. Israel marschierte daraufhin in den Gazastreifen ein. Nach Angaben der von der Hamas kontrollierten Gesundheitsbeh\u00f6rde wurden seither Zehntausende dabei get\u00f6tet, darunter auch viele Zivilisten.<\/p>\n","protected":false},"excerpt":{"rendered":"Stand: 12.09.2025 20:19 Uhr Die UN-Generalversammlung hat mit gro\u00dfer Mehrheit ein Ende der Hamas-Herrschaft im Gazastreifen gefordert &#8211;&hellip;\n","protected":false},"author":2,"featured_media":417789,"comment_status":"","ping_status":"","sticky":false,"template":"","format":"standard","meta":{"footnotes":""},"categories":[5],"tags":[331,332,3364,29,30,410,13,411,14,6000,15,928,12],"class_list":{"0":"post-417788","1":"post","2":"type-post","3":"status-publish","4":"format-standard","5":"has-post-thumbnail","7":"category-nachrichten","8":"tag-aktuelle-nachrichten","9":"tag-aktuelle-news","10":"tag-de","11":"tag-deutschland","12":"tag-germany","13":"tag-hamas","14":"tag-headlines","15":"tag-israel","16":"tag-nachrichten","17":"tag-nahost","18":"tag-news","19":"tag-palaestinenser","20":"tag-schlagzeilen"},"share_on_mastodon":{"url":"https:\/\/pubeurope.com\/@de\/115193166155666759","error":""},"_links":{"self":[{"href":"https:\/\/www.europesays.com\/de\/wp-json\/wp\/v2\/posts\/417788","targetHints":{"allow":["GET"]}}],"collection":[{"href":"https:\/\/www.europesays.com\/de\/wp-json\/wp\/v2\/posts"}],"about":[{"href":"https:\/\/www.europesays.com\/de\/wp-json\/wp\/v2\/types\/post"}],"author":[{"embeddable":true,"href":"https:\/\/www.europesays.com\/de\/wp-json\/wp\/v2\/users\/2"}],"replies":[{"embeddable":true,"href":"https:\/\/www.europesays.com\/de\/wp-json\/wp\/v2\/comments?post=417788"}],"version-history":[{"count":0,"href":"https:\/\/www.europesays.com\/de\/wp-json\/wp\/v2\/posts\/417788\/revisions"}],"wp:featuredmedia":[{"embeddable":true,"href":"https:\/\/www.europesays.com\/de\/wp-json\/wp\/v2\/media\/417789"}],"wp:attachment":[{"href":"https:\/\/www.europesays.com\/de\/wp-json\/wp\/v2\/media?parent=417788"}],"wp:term":[{"taxonomy":"category","embeddable":true,"href":"https:\/\/www.europesays.com\/de\/wp-json\/wp\/v2\/categories?post=417788"},{"taxonomy":"post_tag","embeddable":true,"href":"https:\/\/www.europesays.com\/de\/wp-json\/wp\/v2\/tags?post=417788"}],"curies":[{"name":"wp","href":"https:\/\/api.w.org\/{rel}","templated":true}]}}