{"id":417913,"date":"2025-09-12T21:21:33","date_gmt":"2025-09-12T21:21:33","guid":{"rendered":"https:\/\/www.europesays.com\/de\/417913\/"},"modified":"2025-09-12T21:21:33","modified_gmt":"2025-09-12T21:21:33","slug":"kommentar-zur-kommunalwahl-in-nrw-kein-stimmungstest-fuer-berlin","status":"publish","type":"post","link":"https:\/\/www.europesays.com\/de\/417913\/","title":{"rendered":"Kommentar zur Kommunalwahl in NRW: Kein Stimmungstest f\u00fcr Berlin"},"content":{"rendered":"<p class=\"date\">12.09.2025 \u2013 16:52<\/p>\n<p class=\"customer\">\n                        <a class=\"story-customer\" title=\"weiter zum newsroom von Neue Westf\u00e4lische (Bielefeld)\" href=\"https:\/\/www.presseportal.de\/nr\/65487\" target=\"_blank\" rel=\"noopener\">Neue Westf\u00e4lische (Bielefeld)<\/a>\n                    <\/p>\n<p><a data-category=\"citylink-story-view\" data-action=\"click\" data-label=\"Citylink in Meldungsansicht\" class=\"story-city event-trigger\" href=\"https:\/\/www.presseportal.de\/regional\/Bielefeld\" title=\"News aus Bielefeld \" target=\"_blank\" rel=\"noopener\">Bielefeld<\/a> (ots)<\/p>\n<p>Klaus Schrotthofer, Herausgeber der &#8222;Neuen Westf\u00e4lischen&#8220;, kommentiert: &#8222;Wer im Job flei\u00dfig ist, erwartet daf\u00fcr eine faire Beurteilung. Wie w\u00fcrden Sie reagieren, wenn Ihnen der Chef das Gehalt k\u00fcrzt, weil eine andere Abteilung Mist gebaut hat? Eben.<\/p>\n<p>Mit Politikerinnen und Politikern sind wir inzwischen weniger zimperlich. Wahltage sind zunehmend Abrechnungstage. Immer mehr Menschen kippen Ihre Unzufriedenheit \u00fcber dieses und jenes ganz pauschal in die Wahlurne. Und am Sonntag stehen die zur Wahl, die dieser Wutreflex am h\u00e4rtesten trifft &#8211; die Tausende, die sich in ihrer Freizeit in Kreis- und Gemeinder\u00e4ten Woche f\u00fcr Woche, oft n\u00e4chtelang und meist unentgeltlich, mit den Themen besch\u00e4ftigen, die vor Ort wichtig sind: Schulen, Stra\u00dfen, Verwaltung, Gewerbegebiete, B\u00e4der, Kultur, Energieversorgung, Nahverkehr oder M\u00fcllabfuhr. Da mag also jemand noch so flei\u00dfig gewesen sein beim Kampf ums neue Feuerwehrhaus oder den Zuschuss f\u00fcrs Tierheim &#8211; und bekommt am Ende die Pr\u00fcgel f\u00fcr ganz andere in Berlin oder D\u00fcsseldorf. Das ist nicht nur ungerecht. Das ist brandgef\u00e4hrlich, weil es die Flei\u00dfigen frustriert und realit\u00e4tsfernen Populismus f\u00f6rdert.<\/p>\n<p>Es ist fahrl\u00e4ssig, die Kommunalwahl zum &#8222;Stimmungstest&#8220; f\u00fcr die aktuelle Bundesregierung zu stilisieren. Medien m\u00f6gen das so sehen, je nach Wahlausgang auch manche Partei. Doch in der Sache bleibt es falsch. Wir stimmen nicht dar\u00fcber ab, wie zufrieden wir mit Merz oder Klingbeil sind. Wir entscheiden, wem wir die Zukunft unserer engsten Umgebung anvertrauen.<\/p>\n<p>Keine Frage: Das komplizierte Kompetenzgeflecht von Europa-, Bundes-, Landes- und Kommunalrecht ist schwer zu durchschauen. Aber ein wenig M\u00fche darf man sich beim W\u00e4hlen schon geben. Wer etwa die rechtsextreme AfD ankreuzt, weil er das christliche Abendland in Gefahr w\u00e4hnt, wird die Christenheit im Stadtrat von Bielefeld, Paderborn oder Espelkamp nicht retten. Er sorgt nur daf\u00fcr, dass Menschen in die R\u00e4te ziehen, die noch nirgends mit konstruktiven Vorschl\u00e4gen f\u00fcr eine bessere Stadtentwicklung aufgefallen sind. Wer sich an Berlin r\u00e4chen will und deshalb erfahrene Kommunalpolitiker ignoriert, wird deren Erfahrung sp\u00e4testens vermissen, wenn es darum geht, knappe Ressourcen bestm\u00f6glich einzusetzen, damit Schulen funktionieren, Verkehrswege saniert und neue Energieleitungen verlegt werden.<\/p>\n<p>Wir sollten also am Sonntag w\u00e4hlen gehen und dabei so gerecht sein, wie wir es selbst erwarten w\u00fcrden. Wer hat tats\u00e4chlich etwas geleistet in den vergangenen Jahren und wer f\u00e4llt nur mit Spr\u00fcchen auf? Wer hat Ideen, die sich im Kreis oder der Gemeinde umsetzen lassen und wer verkauft Weltanschauung als Kommunalpolitik? Die vielen Flei\u00dfigen auf den Wahlzetteln haben diese Gerechtigkeit verdient. Und von denen profitieren wir am Ende alle.&#8220;<\/p>\n<p class=\"contact-headline\">Pressekontakt:<\/p>\n<p class=\"contact-text\">Neue Westf\u00e4lische<br \/>Newsroom<br \/>Telefon: 0521 555356<br \/><a href=\"https:\/\/www.presseportal.de\/pm\/65487\/mailto: newsroom@nw.de\" class=\"uri-mailto\" target=\"_blank\" rel=\"noopener\"> newsroom@nw.de<\/a><\/p>\n<p class=\"originator\">Original-Content von: Neue Westf\u00e4lische (Bielefeld), \u00fcbermittelt durch news aktuell<\/p>\n","protected":false},"excerpt":{"rendered":"12.09.2025 \u2013 16:52 Neue Westf\u00e4lische (Bielefeld) Bielefeld (ots) Klaus Schrotthofer, Herausgeber der &#8222;Neuen Westf\u00e4lischen&#8220;, kommentiert: &#8222;Wer im Job&hellip;\n","protected":false},"author":2,"featured_media":386213,"comment_status":"","ping_status":"","sticky":false,"template":"","format":"standard","meta":{"footnotes":""},"categories":[1841],"tags":[1605,3364,29,30,14623,1209,16,178,180,179,181,21905],"class_list":{"0":"post-417913","1":"post","2":"type-post","3":"status-publish","4":"format-standard","5":"has-post-thumbnail","7":"category-bielefeld","8":"tag-bielefeld","9":"tag-de","10":"tag-deutschland","11":"tag-germany","12":"tag-innenpolitik","13":"tag-nordrhein-westfalen","14":"tag-politik","15":"tag-presse","16":"tag-pressemeldung","17":"tag-pressemitteilung","18":"tag-pressemitteilungen","19":"tag-presseschau"},"share_on_mastodon":{"url":"https:\/\/pubeurope.com\/@de\/115193425767065448","error":""},"_links":{"self":[{"href":"https:\/\/www.europesays.com\/de\/wp-json\/wp\/v2\/posts\/417913","targetHints":{"allow":["GET"]}}],"collection":[{"href":"https:\/\/www.europesays.com\/de\/wp-json\/wp\/v2\/posts"}],"about":[{"href":"https:\/\/www.europesays.com\/de\/wp-json\/wp\/v2\/types\/post"}],"author":[{"embeddable":true,"href":"https:\/\/www.europesays.com\/de\/wp-json\/wp\/v2\/users\/2"}],"replies":[{"embeddable":true,"href":"https:\/\/www.europesays.com\/de\/wp-json\/wp\/v2\/comments?post=417913"}],"version-history":[{"count":0,"href":"https:\/\/www.europesays.com\/de\/wp-json\/wp\/v2\/posts\/417913\/revisions"}],"wp:featuredmedia":[{"embeddable":true,"href":"https:\/\/www.europesays.com\/de\/wp-json\/wp\/v2\/media\/386213"}],"wp:attachment":[{"href":"https:\/\/www.europesays.com\/de\/wp-json\/wp\/v2\/media?parent=417913"}],"wp:term":[{"taxonomy":"category","embeddable":true,"href":"https:\/\/www.europesays.com\/de\/wp-json\/wp\/v2\/categories?post=417913"},{"taxonomy":"post_tag","embeddable":true,"href":"https:\/\/www.europesays.com\/de\/wp-json\/wp\/v2\/tags?post=417913"}],"curies":[{"name":"wp","href":"https:\/\/api.w.org\/{rel}","templated":true}]}}