{"id":418126,"date":"2025-09-12T23:24:11","date_gmt":"2025-09-12T23:24:11","guid":{"rendered":"https:\/\/www.europesays.com\/de\/418126\/"},"modified":"2025-09-12T23:24:11","modified_gmt":"2025-09-12T23:24:11","slug":"kran-stuerzt-um-in-muenchen-knapp-an-haus-vorbei","status":"publish","type":"post","link":"https:\/\/www.europesays.com\/de\/418126\/","title":{"rendered":"Kran st\u00fcrzt um in M\u00fcnchen &#8211; knapp an Haus vorbei"},"content":{"rendered":"<p>Ein meterhoher Baukran ist in M\u00fcnchen-Trudering umgekippt &#8211; nur knapp an einem Wohnhaus vorbei. Verletzt wurde bei dem Unfall am sp\u00e4ten Nachmittag niemand, wie die <a href=\"https:\/\/www.abendzeitung-muenchen.de\/organisation\/polizei\/\" rel=\"nofollow noopener\" target=\"_blank\">Polizei<\/a> mitteilte. Der Kran habe aber auf einem Nachbargrundst\u00fcck ein Hausdach und eine Garage besch\u00e4digt. Zur Ursache f\u00fcr den Unfall gebe es bisher keine Erkenntnisse, sagte der Polizist. Die Polizei hat die Ermittlungen aufgenommen.<\/p>\n","protected":false},"excerpt":{"rendered":"Ein meterhoher Baukran ist in M\u00fcnchen-Trudering umgekippt &#8211; nur knapp an einem Wohnhaus vorbei. Verletzt wurde bei dem&hellip;\n","protected":false},"author":2,"featured_media":418127,"comment_status":"","ping_status":"","sticky":false,"template":"","format":"standard","meta":{"footnotes":"","_share_on_mastodon":"0"},"categories":[1827],"tags":[772,29,30,21713,1268,121,38393],"class_list":["post-418126","post","type-post","status-publish","format-standard","has-post-thumbnail","category-muenchen","tag-bayern","tag-deutschland","tag-germany","tag-kran","tag-muenchen","tag-polizei","tag-trudering"],"share_on_mastodon":{"url":"https:\/\/pubeurope.com\/@de\/115193909688822284","error":""},"_links":{"self":[{"href":"https:\/\/www.europesays.com\/de\/wp-json\/wp\/v2\/posts\/418126","targetHints":{"allow":["GET"]}}],"collection":[{"href":"https:\/\/www.europesays.com\/de\/wp-json\/wp\/v2\/posts"}],"about":[{"href":"https:\/\/www.europesays.com\/de\/wp-json\/wp\/v2\/types\/post"}],"author":[{"embeddable":true,"href":"https:\/\/www.europesays.com\/de\/wp-json\/wp\/v2\/users\/2"}],"replies":[{"embeddable":true,"href":"https:\/\/www.europesays.com\/de\/wp-json\/wp\/v2\/comments?post=418126"}],"version-history":[{"count":0,"href":"https:\/\/www.europesays.com\/de\/wp-json\/wp\/v2\/posts\/418126\/revisions"}],"wp:featuredmedia":[{"embeddable":true,"href":"https:\/\/www.europesays.com\/de\/wp-json\/wp\/v2\/media\/418127"}],"wp:attachment":[{"href":"https:\/\/www.europesays.com\/de\/wp-json\/wp\/v2\/media?parent=418126"}],"wp:term":[{"taxonomy":"category","embeddable":true,"href":"https:\/\/www.europesays.com\/de\/wp-json\/wp\/v2\/categories?post=418126"},{"taxonomy":"post_tag","embeddable":true,"href":"https:\/\/www.europesays.com\/de\/wp-json\/wp\/v2\/tags?post=418126"}],"curies":[{"name":"wp","href":"https:\/\/api.w.org\/{rel}","templated":true}]}}