{"id":418313,"date":"2025-09-13T01:13:16","date_gmt":"2025-09-13T01:13:16","guid":{"rendered":"https:\/\/www.europesays.com\/de\/418313\/"},"modified":"2025-09-13T01:13:16","modified_gmt":"2025-09-13T01:13:16","slug":"150-jahre-gelsenkirchen-150-jahre-gelsenkirchen-stadtfest-in-der-city","status":"publish","type":"post","link":"https:\/\/www.europesays.com\/de\/418313\/","title":{"rendered":"150 Jahre Gelsenkirchen: 150 Jahre Gelsenkirchen. Stadtfest in der City"},"content":{"rendered":"<p>        <a href=\"https:\/\/www.lokalkompass.de\/s\/buergerreporter-werden\" target=\"_BLANK\" rel=\"nofollow noopener\">&#13;<br \/>\n<img decoding=\"async\" src=\"https:\/\/www.europesays.com\/de\/wp-content\/uploads\/2025\/04\/13544299_NATIVE.png\" height=\"100%\" width=\"auto\"\/><\/a><\/p>\n<p>                            <a class=\"content-author-avatar-block\" href=\"https:\/\/www.lokalkompass.de\/gelsenkirchen\/profile-80898\/lalok-libre?type=article\" rel=\"nofollow noopener\" target=\"_blank\"><\/p>\n<p>                                                                            <img class=\"imagecontainer\" decoding=\"auto\" data-aspect-ratio=\"0.545098039\" src=\"https:\/\/media04.lokalkompass.de\/user\/2021\/11\/26\/2\/92332_L.jpg?1637883668\" style=\"object-position: 51% 22%;\" data-object-position=\"51% 22%\" bad-src=\"data:image\/gif;base64,R0lGODlhAQABAIAAAAAAAP\/\/\/yH5BAEAAAAALAAAAAABAAEAAAIBRAA7\"\/><\/p>\n<p>                <\/a><\/p>\n<p>Community<\/p>\n<p>                                <a class=\"content-author-link\" href=\"https:\/\/www.lokalkompass.de\/gelsenkirchen\/profile-80898\/lalok-libre?type=article\" rel=\"nofollow noopener\" target=\"_blank\">Lalok Libre<\/a><\/p>\n<p>\n                        aus Gelsenkirchen<\/p>\n<ul class=\"content-meta\">\n<li>13. September 2025, 00:38\u00a0Uhr<\/li>\n<li><a href=\"#comments-anchor\" class=\"smooth-scroll\">1<\/a><\/li>\n<li><a href=\"#like-anchor\" class=\"smooth-scroll\">1<\/a><\/li>\n<\/ul>\n<p>                            <img class=\"imagecontainer\" loading=\"eager\" fetchpriority=\"auto\" decoding=\"auto\" data-aspect-ratio=\"0.698523699\" src=\"https:\/\/www.europesays.com\/de\/wp-content\/uploads\/2025\/09\/13829530_L.webp\"\/><\/p>\n<p>8Bilder<\/p>\n<p>Herzlichen Gl\u00fcckwunsch, liebe Stadt Gelsenkirchen, zu 150 Jahren voller Geschichte, Wandel und Vielfalt!\u00a0<br \/>Unsere M\u00e4dels waren stolz, bei diesem besonderen Jubil\u00e4um mitzuwirken und mit einem farbenfrohen Potpourri aus Flamenco, orientalischem Tanz und modernem Hip-Hop die B\u00fchne zu erobern.<br \/>So bunt und vielseitig wie unsere Stadt selbst spiegelte auch die Choreografie die kulturelle Lebendigkeit Gelsenkirchens wider \u2013 eine Stadt, die Tradition und Moderne miteinander verbindet, in der unterschiedlichste Kulturen zuhause sind und in der Gemeinschaft gro\u00dfgeschrieben wird.<br \/>Mit unserem Auftritt wollten wir genau das feiern: die Vielfalt, die Offenheit und das Miteinander, das Gelsenkirchen seit 150 Jahren pr\u00e4gt und stark macht.<br \/>Auf viele weitere Jahre voller Leben, Bewegung und Zusammenhalt \u2013 Herzlichen Gl\u00fcckwunsch, Gelsenkirchen!<br \/>Text: Doris Harontzas<br \/>Foto: Juri Eischinski<\/p>\n<p>                <a id=\"like-anchor\"\/><\/p>\n<p>                    Dieser Inhalt gef\u00e4llt Ihnen?<\/p>\n<p>Melden Sie sich an, um diesen Inhalt mit \u00abGef\u00e4llt mir\u00bb zu markieren.<\/p>\n<p>            \u00d7<\/p>\n<p>        <a href=\"#\" data-trigger-click-on-space-or-enter=\"\" class=\"button ggm-like-button hollow\" title=\"Gef\u00e4llt mir\" data-open=\"like-conversion-68c4c523c5d70\"><\/p>\n<p>        <\/a><\/p>\n<p>\n        Gef\u00e4llt <strong>1<\/strong> mal<br \/>\n        1\n    <\/p>\n<p>            <a href=\"https:\/\/www.lokalkompass.de\/gelsenkirchen\/profile-80898\/lalok-libre\" class=\"stop-click-event-propagation\" rel=\"nofollow noopener\" target=\"_blank\">    <\/p>\n<p>                                                                            <img class=\"imagecontainer\" decoding=\"auto\" data-aspect-ratio=\"0.545098039\" src=\"https:\/\/media04.lokalkompass.de\/user\/2021\/11\/26\/2\/92332_L.jpg?1637883668\" style=\"object-position: 51% 22%;\" data-object-position=\"51% 22%\" bad-src=\"data:image\/gif;base64,R0lGODlhAQABAIAAAAAAAP\/\/\/yH5BAEAAAAALAAAAAABAAEAAAIBRAA7\"\/><\/p>\n<p>        <\/a><\/p>\n<p>                    Sie m\u00f6chten diesem Profil folgen?<\/p>\n<p>Verpassen Sie nicht die neuesten Inhalte von diesem Profil: Melden Sie sich an, um neuen Inhalten von Profilen und Orten in Ihrem <strong>pers\u00f6nlichen Feed<\/strong> zu folgen.<\/p>\n<p>            \u00d7<\/p>\n<p>\n            <strong>3<\/strong> folgen diesem Profil\n        <\/p>\n<p><a href=\"http:\/\/emag.lokalkompass.de\/titles\/wvw\/11380?utm_source=E-Paper&amp;utm_medium=sidebar&amp;utm_campaign=Gelsenkirchen_Buer_Erle\" target=\"_blank\" title=\"zum Stadtspiegel Gelsenkirchen Buer Erle\" onclick=\"return fullscreen(&#039;http:\/\/emag.lokalkompass.de\/titles\/wvw\/11380?utm_source=E-Paper&amp;utm_medium=sidebar&amp;utm_campaign=Gelsenkirchen_Buer_Erle&#039;)\" rel=\"nofollow noopener\">&#13;<br \/>\n<img decoding=\"async\" src=\"https:\/\/www.europesays.com\/de\/wp-content\/uploads\/2025\/09\/1757716410_519_medium.jpg\" border=\"0\" height=\"0\" width=\"100%\"\/><\/a><\/p>\n<p>\u00a0<\/p>\n<p>        \u00d7<\/p>\n<p>    Video einbetten<\/p>\n<p class=\"help\">Es k\u00f6nnen nur einzelne Videos der jeweiligen Plattformen eingebunden werden, nicht jedoch Playlists, Streams oder \u00dcbersichtsseiten.<\/p>\n<p>        \u00d7<\/p>\n<p>    Code einbetten<\/p>\n<p>        Funktionalit\u00e4t des eingebetteten Codes ohne Gew\u00e4hr. Bitte Einbettungen f\u00fcr Video, Social, Link und Maps mit dem vom System vorgesehenen Einbettungsfuntkionen vornehmen.\n    <\/p>\n<p>                    Sie m\u00f6chten selbst beitragen?<\/p>\n<p>Melden Sie sich jetzt kostenlos an, um selbst mit eigenen Inhalten beizutragen.<\/p>\n<p>            \u00d7<\/p>\n<p>&#13;<br \/>\n        \u00a9 FUNKE Media Sales NRW GmbH&#13;\n    <\/p>\n<p align=\"right\">Eine Marke der <a href=\"https:\/\/www.funkemedien.de\/\" target=\"_blank\" rel=\"noopener nofollow\" style=\"font-weight:bold;\">FUNKE<\/a> Mediengruppe<\/p>\n","protected":false},"excerpt":{"rendered":"&#13; Community Lalok Libre aus Gelsenkirchen 13. September 2025, 00:38\u00a0Uhr 1 1 8Bilder Herzlichen Gl\u00fcckwunsch, liebe Stadt Gelsenkirchen,&hellip;\n","protected":false},"author":2,"featured_media":418314,"comment_status":"","ping_status":"","sticky":false,"template":"","format":"standard","meta":{"footnotes":""},"categories":[1848],"tags":[3364,29,548,663,3934,3658,30,13,14,15,1209,12],"class_list":{"0":"post-418313","1":"post","2":"type-post","3":"status-publish","4":"format-standard","5":"has-post-thumbnail","7":"category-gelsenkirchen","8":"tag-de","9":"tag-deutschland","10":"tag-eu","11":"tag-europa","12":"tag-europe","13":"tag-gelsenkirchen","14":"tag-germany","15":"tag-headlines","16":"tag-nachrichten","17":"tag-news","18":"tag-nordrhein-westfalen","19":"tag-schlagzeilen"},"share_on_mastodon":{"url":"https:\/\/pubeurope.com\/@de\/115194338385363029","error":""},"_links":{"self":[{"href":"https:\/\/www.europesays.com\/de\/wp-json\/wp\/v2\/posts\/418313","targetHints":{"allow":["GET"]}}],"collection":[{"href":"https:\/\/www.europesays.com\/de\/wp-json\/wp\/v2\/posts"}],"about":[{"href":"https:\/\/www.europesays.com\/de\/wp-json\/wp\/v2\/types\/post"}],"author":[{"embeddable":true,"href":"https:\/\/www.europesays.com\/de\/wp-json\/wp\/v2\/users\/2"}],"replies":[{"embeddable":true,"href":"https:\/\/www.europesays.com\/de\/wp-json\/wp\/v2\/comments?post=418313"}],"version-history":[{"count":0,"href":"https:\/\/www.europesays.com\/de\/wp-json\/wp\/v2\/posts\/418313\/revisions"}],"wp:featuredmedia":[{"embeddable":true,"href":"https:\/\/www.europesays.com\/de\/wp-json\/wp\/v2\/media\/418314"}],"wp:attachment":[{"href":"https:\/\/www.europesays.com\/de\/wp-json\/wp\/v2\/media?parent=418313"}],"wp:term":[{"taxonomy":"category","embeddable":true,"href":"https:\/\/www.europesays.com\/de\/wp-json\/wp\/v2\/categories?post=418313"},{"taxonomy":"post_tag","embeddable":true,"href":"https:\/\/www.europesays.com\/de\/wp-json\/wp\/v2\/tags?post=418313"}],"curies":[{"name":"wp","href":"https:\/\/api.w.org\/{rel}","templated":true}]}}