{"id":418415,"date":"2025-09-13T02:07:11","date_gmt":"2025-09-13T02:07:11","guid":{"rendered":"https:\/\/www.europesays.com\/de\/418415\/"},"modified":"2025-09-13T02:07:11","modified_gmt":"2025-09-13T02:07:11","slug":"berlin-brandenburg-36-800-erstklaessler-werden-eingeschult","status":"publish","type":"post","link":"https:\/\/www.europesays.com\/de\/418415\/","title":{"rendered":"Berlin &#038; Brandenburg: 36.800 Erstkl\u00e4ssler werden eingeschult"},"content":{"rendered":"<p>                    Berlin &amp; Brandenburg<br \/>\n                36.800 Erstkl\u00e4ssler werden eingeschult<\/p>\n<p>\t\t\t\t              13.09.2025, 04:04 Uhr<\/p>\n<p><strong>Zuckert\u00fcten, Klassenzimmer und neue Freunde: F\u00fcr 36.800 Berliner Kinder beginnt ein aufregender neuer Lebensabschnitt.<\/strong><\/p>\n<p>Berlin (dpa\/bb) &#8211; Ein paar Tage nach Beginn des neuen Schuljahres werden in Berlin 36.800 Schulanf\u00e4nger eingeschult. Das sind laut Bildungsverwaltung etwas weniger als in den Vorjahren, die Zahl sank allerdings nur geringf\u00fcgig.\u00a0<\/p>\n<p>Am Samstag steht f\u00fcr die Erstkl\u00e4ssler und ihre Familien die Einschulungsfeier auf dem Programm, am Montag startet dann der Unterricht. Viele Kinder werden zur Einschulung von Eltern und Verwandten mit Zuckert\u00fcten beschenkt, die oft einen leckeren und s\u00fc\u00dfen Inhalt haben.\u00a0<\/p>\n<p>Etliche der Erstkl\u00e4ssler konnten in den vergangenen Tagen oder Wochen schon mal Schulluft schnuppern. Es gab Eingew\u00f6hnungsangebote in Schulen und im Hort, bei denen teils die Eltern dabei sein konnten. Vielfach kennen die Kinder auch ihren Klassenlehrer oder ihre Klassenlehrerin schon.<\/p>\n<p>Insgesamt lernen im neuen Schuljahr, das am 8. September begann, rund 408.000 Sch\u00fclerinnen und Sch\u00fcler an den allgemeinbildenden Schulen in Berlin. Die Zahl ist damit noch einmal um gut 4.000 h\u00f6her als 2024, als sie erstmals seit 25 Jahren wieder \u00fcber die 400.000-Marke gestiegen war.<\/p>\n","protected":false},"excerpt":{"rendered":"Berlin &amp; Brandenburg 36.800 Erstkl\u00e4ssler werden eingeschult 13.09.2025, 04:04 Uhr Zuckert\u00fcten, Klassenzimmer und neue Freunde: F\u00fcr 36.800 Berliner&hellip;\n","protected":false},"author":2,"featured_media":418416,"comment_status":"","ping_status":"","sticky":false,"template":"","format":"standard","meta":{"footnotes":""},"categories":[1816],"tags":[1960,1958,1959,1957,296,1956,1890,29,101152,30],"class_list":{"0":"post-418415","1":"post","2":"type-post","3":"status-publish","4":"format-standard","5":"has-post-thumbnail","7":"category-brandenburg","8":"tag-aktuelle-nachrichten-aus-berlin-und-brandenburg","9":"tag-aktuelle-nachrichten-aus-brandenburg","10":"tag-aktuelle-news-aus-berlin-und-brandenburg","11":"tag-aktuelle-news-aus-brandenburg","12":"tag-berlin","13":"tag-berlin-und-brandenburg","14":"tag-brandenburg","15":"tag-deutschland","16":"tag-erstklaessler","17":"tag-germany"},"share_on_mastodon":{"url":"https:\/\/pubeurope.com\/@de\/115194550368053588","error":""},"_links":{"self":[{"href":"https:\/\/www.europesays.com\/de\/wp-json\/wp\/v2\/posts\/418415","targetHints":{"allow":["GET"]}}],"collection":[{"href":"https:\/\/www.europesays.com\/de\/wp-json\/wp\/v2\/posts"}],"about":[{"href":"https:\/\/www.europesays.com\/de\/wp-json\/wp\/v2\/types\/post"}],"author":[{"embeddable":true,"href":"https:\/\/www.europesays.com\/de\/wp-json\/wp\/v2\/users\/2"}],"replies":[{"embeddable":true,"href":"https:\/\/www.europesays.com\/de\/wp-json\/wp\/v2\/comments?post=418415"}],"version-history":[{"count":0,"href":"https:\/\/www.europesays.com\/de\/wp-json\/wp\/v2\/posts\/418415\/revisions"}],"wp:featuredmedia":[{"embeddable":true,"href":"https:\/\/www.europesays.com\/de\/wp-json\/wp\/v2\/media\/418416"}],"wp:attachment":[{"href":"https:\/\/www.europesays.com\/de\/wp-json\/wp\/v2\/media?parent=418415"}],"wp:term":[{"taxonomy":"category","embeddable":true,"href":"https:\/\/www.europesays.com\/de\/wp-json\/wp\/v2\/categories?post=418415"},{"taxonomy":"post_tag","embeddable":true,"href":"https:\/\/www.europesays.com\/de\/wp-json\/wp\/v2\/tags?post=418415"}],"curies":[{"name":"wp","href":"https:\/\/api.w.org\/{rel}","templated":true}]}}