{"id":418427,"date":"2025-09-13T02:13:16","date_gmt":"2025-09-13T02:13:16","guid":{"rendered":"https:\/\/www.europesays.com\/de\/418427\/"},"modified":"2025-09-13T02:13:16","modified_gmt":"2025-09-13T02:13:16","slug":"schaeme-mich-sara-kulka-faellt-auf-fiesen-liebesbetrueger-rein","status":"publish","type":"post","link":"https:\/\/www.europesays.com\/de\/418427\/","title":{"rendered":"&#8222;Sch\u00e4me mich&#8220;: Sara Kulka f\u00e4llt auf fiesen Liebesbetr\u00fcger rein"},"content":{"rendered":"<p>&#8222;Ich sch\u00e4me mich&#8220;<\/p>\n<p>Sara Kulka f\u00e4llt auf fiesen Liebesbetr\u00fcger rein<\/p>\n<p><img decoding=\"async\" data-hk=\"00932120a12011002010\" loading=\"lazy\" src=\"https:\/\/www.europesays.com\/de\/wp-content\/uploads\/2025\/09\/1757729595_874_eb95bbeb-15f1-4b2e-a856-ce7b73cf36a1.667db21d-9182-4f29-8fb8-c434f6948828.jpg\" alt=\"privat\" width=\"48\" height=\"48\"\/>Ina Milertvon <a href=\"https:\/\/www.bunte.de\/authorprofile\/ina-milert.html\" rel=\"nofollow noopener\" target=\"_blank\">Ina Milert<\/a><\/p>\n<p>12.09.2025, 19:27 Uhr<\/p>\n<p>12. September 2025 um 19:27 Uhr<\/p>\n<p>Sara Kulka spricht offen \u00fcber Lovebombing, L\u00fcgen und Gaslighting \u2013 und warum ihr Vertrauen in Menschen fast zerbrochen ist.<\/p>\n<p>Nach ihren Auftritten bei GNTM und im Dschungelcamp wagte <a href=\"https:\/\/www.bunte.de\/starprofile\/sara-kulka.html\" rel=\"follow nofollow noopener\" target=\"_self\">Sara Kulka<\/a> (35) mit der &#8222;Villa der Versuchung&#8220; ihr TV-Comeback. \u201eIch bin mittelalt \u2013 und brauche das Geld\u201c, scherzte sie dazu im Sat.1-Fr\u00fchst\u00fccksfernsehen.<\/p>\n<p>Auch privat schien die zweifache Mutter angekommen zu sein: In Qualit\u00e4tsmanager Chris, den sie \u00fcber eine Dating-Plattform kennenlernte, glaubte sie ihr Gl\u00fcck gefunden zu haben. Doch war alles nur Fassade? Ihre aktuelle Instagram-Story l\u00e4sst genau das vermuten.<\/p>\n<p>ANZEIGE<img decoding=\"async\" data-hk=\"00932120a19030302010\" loading=\"lazy\"  src=\"https:\/\/www.europesays.com\/de\/wp-content\/uploads\/2025\/09\/8ca48565-5a21-4595-b2ca-945921acc956.52d7a5eb-4c21-4fdd-9b5d-1c9b2d0f9f9d.jpg\"  alt=\"Sara Kulka meldet sich in Insta-Story\" width=\"1079\" height=\"720\"\/> Sara Kulka meldet sich in Insta-Story  .instagram.com\/sarakulka_\/ Kulkas bitteres Fazit: &#8222;Ich wurde von vorne bis hinten benutzt&#8220;<\/p>\n<p>Bei ihren Followern meldet sich <a href=\"https:\/\/www.bunte.de\/stars\/mit-15-abhaengig-realitystar-sara-kulka-legt-trauriges-drogen-gestaendnis-ab_097e1c78-024a-4520-824b-c7a4a4e02f78.html\" rel=\"follow nofollow noopener\" target=\"_self\">Sara Kulka, die ein trauriges Drogengest\u00e4ndnis ablegte<\/a>, aus der Bahn, von der &#8222;schlimmsten Zugfahrt ihres Lebens&#8220;. Nein, daran war keine Versp\u00e4tung schuld. Sie h\u00e4tte erfahren, &#8222;dass alles, was im letzten Jahr passiert ist, auf einer gro\u00dfen L\u00fcge aufgebaut war.&#8220;<\/p>\n<p>Sie erlebte Lovebombing am eigenen Leib. &#8222;Und es hat sich so gut angef\u00fchlt&#8220;. Gerade sie, die eine schwere Kindheit hatte, h\u00e4tte sich voll auf diese Gef\u00fchle eingelassen: &#8222;Ein Jahr lang habe ich geglaubt, endlich gefunden zu haben, wonach ich mich gesehnt habe.&#8220;<\/p>\n<p>ANZEIGE<\/p>\n<p>Um so bitterer das Erwachen, alles w\u00e4re eine L\u00fcge gewesen. &#8222;Der Mann, der in mein Leben trat, hatte nichts \u2013 keine Wohnung, keine Wahrheit.&#8220; Sogar bei der Anzahl der Kinder h\u00e4tte er gelogen. &#8222;Ich wurde von vorne bis hinten benutzt&#8220;, so <a href=\"https:\/\/www.bunte.de\/stars\/star-life\/stars-privat\/gntm-star-sara-kulka-durch-ihre-kinder-lernte-sie-sich-selbst-zu-lieben.html\" rel=\"follow nofollow noopener\" target=\"_self\">Sara Kulka, die erst als Mama lernte, sich selbst zu lieben<\/a>.<\/p>\n<p>Sara Kulkas Vertrauen in die Menschen ist fast zerbrochen<\/p>\n<p>Das macht was mit Sara Kulka: &#8222;Ich sch\u00e4me mich, dass ich so naiv war, dass ich mich zu tief t\u00e4uschen lie\u00df&#8220;. Ihr Vertrauen in die Menschen, &#8222;das schon vorher br\u00fcchig war&#8220;, sei jetzt fast zerbrochen.<\/p>\n<p>ANZEIGE<\/p>\n<p>Kulka geht an die \u00d6ffentlichkeit, um andere zu warnen: &#8222;Denn Lovebombing f\u00fchlt sich an, wie ein Traum \u2013 bis man aufwacht und merkt, dass es ein Albtraum war.&#8220;<\/p>\n<p>Man h\u00e4tte ihr eingeredet, sie sei psychisch krank, w\u00fcrde sich alles nur einbilden. Doch inzwischen h\u00e4tte sie Beweise f\u00fcr ihr Bauchgef\u00fchl, das ihr von Anfang an sagte, dass etwas nicht stimmt. Sie h\u00e4tte sich blenden lassen \u2013 &#8222;von Worten, von Ausreden, von einer Liebe, die [\u2026] am Ende nichts weiter war als eine Illusion.&#8220;<\/p>\n<p>ANZEIGE<\/p>\n<p>Jetzt blickt sie nicht nur auf einen geplatzten Traum, sondern hat auch Angst. &#8222;Angst, dass private Dinge und Unwahrheiten \u00fcber mich verbreitet werden&#8220;. Mit dem Schritt an die \u00d6ffentlichkeit will sie dem vorbeugen.\u00a0<\/p>\n<p>Kulka wurde Opfer von Lovebombing<\/p>\n<p>Lovebombing bezeichnet eine manipulative Taktik, bei der jemand zu Beginn einer Beziehung sein Gegen\u00fcber mit \u00fcberm\u00e4\u00dfiger Liebe, Aufmerksamkeit, Geschenken und Komplimenten \u00fcbersch\u00fcttet, um schnell emotionale Abh\u00e4ngigkeit und Kontrolle zu erreichen.<\/p>\n<p><script async src=\"\/\/www.instagram.com\/embed.js\"><\/script><\/p>\n","protected":false},"excerpt":{"rendered":"&#8222;Ich sch\u00e4me mich&#8220; Sara Kulka f\u00e4llt auf fiesen Liebesbetr\u00fcger rein Ina Milertvon Ina Milert 12.09.2025, 19:27 Uhr 12.&hellip;\n","protected":false},"author":2,"featured_media":418428,"comment_status":"","ping_status":"","sticky":false,"template":"","format":"standard","meta":{"footnotes":""},"categories":[1776],"tags":[1801,29,214,30,1802,215],"class_list":{"0":"post-418427","1":"post","2":"type-post","3":"status-publish","4":"format-standard","5":"has-post-thumbnail","7":"category-prominente","8":"tag-celebrities","9":"tag-deutschland","10":"tag-entertainment","11":"tag-germany","12":"tag-prominente","13":"tag-unterhaltung"},"share_on_mastodon":{"url":"https:\/\/pubeurope.com\/@de\/115194574699770393","error":""},"_links":{"self":[{"href":"https:\/\/www.europesays.com\/de\/wp-json\/wp\/v2\/posts\/418427","targetHints":{"allow":["GET"]}}],"collection":[{"href":"https:\/\/www.europesays.com\/de\/wp-json\/wp\/v2\/posts"}],"about":[{"href":"https:\/\/www.europesays.com\/de\/wp-json\/wp\/v2\/types\/post"}],"author":[{"embeddable":true,"href":"https:\/\/www.europesays.com\/de\/wp-json\/wp\/v2\/users\/2"}],"replies":[{"embeddable":true,"href":"https:\/\/www.europesays.com\/de\/wp-json\/wp\/v2\/comments?post=418427"}],"version-history":[{"count":0,"href":"https:\/\/www.europesays.com\/de\/wp-json\/wp\/v2\/posts\/418427\/revisions"}],"wp:featuredmedia":[{"embeddable":true,"href":"https:\/\/www.europesays.com\/de\/wp-json\/wp\/v2\/media\/418428"}],"wp:attachment":[{"href":"https:\/\/www.europesays.com\/de\/wp-json\/wp\/v2\/media?parent=418427"}],"wp:term":[{"taxonomy":"category","embeddable":true,"href":"https:\/\/www.europesays.com\/de\/wp-json\/wp\/v2\/categories?post=418427"},{"taxonomy":"post_tag","embeddable":true,"href":"https:\/\/www.europesays.com\/de\/wp-json\/wp\/v2\/tags?post=418427"}],"curies":[{"name":"wp","href":"https:\/\/api.w.org\/{rel}","templated":true}]}}