{"id":418496,"date":"2025-09-13T02:52:12","date_gmt":"2025-09-13T02:52:12","guid":{"rendered":"https:\/\/www.europesays.com\/de\/418496\/"},"modified":"2025-09-13T02:52:12","modified_gmt":"2025-09-13T02:52:12","slug":"frankreichs-kreditwuerdigkeit-herabgestuft-folge-der-krise","status":"publish","type":"post","link":"https:\/\/www.europesays.com\/de\/418496\/","title":{"rendered":"Frankreichs Kreditw\u00fcrdigkeit herabgestuft &#8211; Folge der Krise"},"content":{"rendered":"<p><img src=\"https:\/\/www.europesays.com\/de\/wp-content\/uploads\/2025\/09\/frankreich-kreditwuerdigkeit-100~3840x2160\"  alt=\"Franz\u00f6sische Flagge weht vor dem Elysee-Palast\" decoding=\"async\" loading=\"eager\"  style=\"object-fit:cover;object-position:center\" fetchpriority=\"high\" class=\"f1mqliu0\"\/><\/p>\n<p class=\"cqlj8pf c1pbsmr2\">Fitch begr\u00fcndete den Schritt mit der steigenden Schuldenlast und der politischen Krise im Land.<\/p>\n<p>Quelle: dpa<\/p>\n<p class=\"r1nj4qn5\">Die Ratingagentur Fitch hat die Kreditw\u00fcrdigkeit <a data-testid=\"richtext-link\" class=\"b7kurox _nl_\" id=\"505db8eb\" href=\"https:\/\/www.zdfheute.de\/thema\/frankreich-290.html\" rel=\"nofollow noopener\" target=\"_blank\">Frankreichs<\/a> herabgestuft. Die am Freitag aktualisierte Bewertung der Bonit\u00e4t des franz\u00f6sischen Staats liegt nun bei A+ mit stabilem Ausblick. Damit d\u00fcrfte es f\u00fcr Frankreich etwas teurer werden, sich auf dem Kapitalmarkt Geld \u00fcber Staatsanleihen zu besorgen. <\/p>\n<p class=\"r1nj4qn5\">Fitch begr\u00fcndete die Herabstufung mit der politischen Instabilit\u00e4t im Land und insbesondere der Schwierigkeit, einen Haushalt aufzustellen &#8211; was wiederum den Bem\u00fchungen entgegenlaufe, die hohe Staatsverschuldung in den Griff zu bekommen. <\/p>\n<p>Fitch verweist auf &#8222;wachsende Polarisierung&#8220; der Innenpolitik<\/p>\n<p><img decoding=\"async\" loading=\"lazy\" fetchpriority=\"low\" alt=\"Frankreichs Premierminister Francois Bayrou spricht mit Frankreichs Innenminister Bruno Retailleau (links) nach dem Ergebnis einer Vertrauensabstimmung \u00fcber den Sparhaushalt der Regierung in der Nationalversammlung in Paris am 8. September 2025. \" class=\"pei0kpe\"\/><\/p>\n<p class=\"c1pbsmr2\">Frankreichs politische Krise geht in eine neue Runde: Premierminister Bayrou hat die selbst gestellte Vertrauensfrage verloren. Anlass war der Streit um Sparma\u00dfnahmen im Haushalt.<\/p>\n<p>08.09.2025 | 2:24 min<\/p>\n<p class=\"r1nj4qn5\">Angesichts dieser Entwicklungen ist es nach Einsch\u00e4tzung von Fitch unwahrscheinlich, dass das Haushaltsdefizit bis 2029 wie von der Regierung angestrebt unter drei Prozent der j\u00e4hrlichen Wirtschaftsleistung gesenkt wird. <\/p>\n<p class=\"r1nj4qn5\">Die bisherige Einstufung lag bei AA-, also sehr gut bis gut. Der Regierungssturz am Montag hatte bereits f\u00fcr Unruhe auf den Finanzm\u00e4rkten gesorgt. Der Zinssatz, den der franz\u00f6sische Staat K\u00e4ufern von zehnj\u00e4hrigen Anleihen zahlen muss, war anschlie\u00dfend erstmals seit Jahren auf das Niveau Italiens gestiegen, auf etwa 3,5 Prozent. <\/p>\n<p><img decoding=\"async\" loading=\"lazy\" fetchpriority=\"low\" alt=\"In Nantes protestieren Menschen. Im Vordergrund sind mehrere mit Graffitis versehene M\u00fclleimer.\" class=\"pei0kpe\"\/><\/p>\n<p class=\"c1pbsmr2\">Unter dem Motto &#8222;Lasst uns alles blockieren&#8220; wird in Frankreich gegen die Regierung und geplante Sparma\u00dfnahmen protestiert. <\/p>\n<p>10.09.2025 | 1:23 min<\/p>\n<p>Finanzlage: Frankreich z\u00e4hlt zu Europas Schlusslichtern<\/p>\n<p class=\"r1nj4qn5\">Frankreichs Finanzlage ist seit langem so schlecht, dass das Land mittlerweile zu den Schlusslichtern Europas z\u00e4hlt. Beim Schuldenstand lag Frankreich im vergangenen Jahr europaweit an dritter Stelle hinter Griechenland und Italien. Knapp 114 Prozent des Bruttoinlandsprodukts (BIP) machten die Schulden 2024 aus. Das Defizit betrug im vergangenen Jahr 5,8 Prozent des BIP. <\/p>\n<p class=\"r1nj4qn5\">Sein Vorg\u00e4nger Bayrou hatte 44 Milliarden Euro einsparen sollen, war mit seinen Pl\u00e4nen aber auf heftigen Widerstand gesto\u00dfen. Insbesondere der Vorschlag, zwei Feiertage zu streichen, hatte Unmut der Bev\u00f6lkerung ausgel\u00f6st. <\/p>\n<p><img decoding=\"async\" loading=\"lazy\" fetchpriority=\"low\" alt=\"Der franz\u00f6sischen Verteidigungsminister Sebastien Lecornu bei seiner Ankunft im Elysee-Palast in Paris.\" class=\"pei0kpe\"\/><\/p>\n<p class=\"c1pbsmr2\">In Frankreich hat Pr\u00e4sident Emmanuel Macron S\u00e9bastien Lecornu als neuen Premierminister ernannt. Zentrale Aufgabe wird es sein, einen Haushalt durch das Parlament zu bringen.<\/p>\n<p>10.09.2025 | 0:21 min<\/p>\n<p>Lecornu muss Haushalt durchbekommen<\/p>\n<p class=\"r1nj4qn5\">Es wird damit gerechnet, dass Lecornu Zugest\u00e4ndnisse an die links-gr\u00fcne Opposition machen muss, um seinen Haushalt durch das Parlament zu bekommen. Daf\u00fcr ist er auf die Stimmen der Sozialisten angewiesen, die einen Gegenentwurf vorgelegt hatten. <\/p>\n<p class=\"r1nj4qn5\">Sie dr\u00e4ngen insbesondere darauf, gro\u00dfe Unternehmen und Superreiche st\u00e4rker zur Kasse zu bitten. Dies steht im Widerspruch zur bisherigen wirtschaftsfreundlichen Politik von Frankreichs Pr\u00e4sident <a data-testid=\"richtext-link\" class=\"b7kurox _nl_\" id=\"01284b1f\" href=\"https:\/\/www.zdfheute.de\/thema\/emmanuel-macron-284.html\" rel=\"nofollow noopener\" target=\"_blank\">Emmanuel Macron<\/a>.<\/p>\n<p>Quelle: AFP, Reuters<\/p>\n","protected":false},"excerpt":{"rendered":"Fitch begr\u00fcndete den Schritt mit der steigenden Schuldenlast und der politischen Krise im Land. Quelle: dpa Die Ratingagentur&hellip;\n","protected":false},"author":2,"featured_media":418497,"comment_status":"","ping_status":"","sticky":false,"template":"","format":"standard","meta":{"footnotes":""},"categories":[3974],"tags":[331,332,548,663,3934,3980,156,13,14,15,12],"class_list":{"0":"post-418496","1":"post","2":"type-post","3":"status-publish","4":"format-standard","5":"has-post-thumbnail","7":"category-frankreich","8":"tag-aktuelle-nachrichten","9":"tag-aktuelle-news","10":"tag-eu","11":"tag-europa","12":"tag-europe","13":"tag-france","14":"tag-frankreich","15":"tag-headlines","16":"tag-nachrichten","17":"tag-news","18":"tag-schlagzeilen"},"share_on_mastodon":{"url":"https:\/\/pubeurope.com\/@de\/115194727157512550","error":""},"_links":{"self":[{"href":"https:\/\/www.europesays.com\/de\/wp-json\/wp\/v2\/posts\/418496","targetHints":{"allow":["GET"]}}],"collection":[{"href":"https:\/\/www.europesays.com\/de\/wp-json\/wp\/v2\/posts"}],"about":[{"href":"https:\/\/www.europesays.com\/de\/wp-json\/wp\/v2\/types\/post"}],"author":[{"embeddable":true,"href":"https:\/\/www.europesays.com\/de\/wp-json\/wp\/v2\/users\/2"}],"replies":[{"embeddable":true,"href":"https:\/\/www.europesays.com\/de\/wp-json\/wp\/v2\/comments?post=418496"}],"version-history":[{"count":0,"href":"https:\/\/www.europesays.com\/de\/wp-json\/wp\/v2\/posts\/418496\/revisions"}],"wp:featuredmedia":[{"embeddable":true,"href":"https:\/\/www.europesays.com\/de\/wp-json\/wp\/v2\/media\/418497"}],"wp:attachment":[{"href":"https:\/\/www.europesays.com\/de\/wp-json\/wp\/v2\/media?parent=418496"}],"wp:term":[{"taxonomy":"category","embeddable":true,"href":"https:\/\/www.europesays.com\/de\/wp-json\/wp\/v2\/categories?post=418496"},{"taxonomy":"post_tag","embeddable":true,"href":"https:\/\/www.europesays.com\/de\/wp-json\/wp\/v2\/tags?post=418496"}],"curies":[{"name":"wp","href":"https:\/\/api.w.org\/{rel}","templated":true}]}}