{"id":418810,"date":"2025-09-13T05:54:16","date_gmt":"2025-09-13T05:54:16","guid":{"rendered":"https:\/\/www.europesays.com\/de\/418810\/"},"modified":"2025-09-13T05:54:16","modified_gmt":"2025-09-13T05:54:16","slug":"september-ausgabe-von-essen-informiert-ist-erschienen","status":"publish","type":"post","link":"https:\/\/www.europesays.com\/de\/418810\/","title":{"rendered":"September-Ausgabe von &#8222;Essen.Informiert&#8220; ist erschienen"},"content":{"rendered":"<p>12.09.2025<\/p>\n<p>Die neue Ausgabe von &#8222;Essen.Informiert&#8220; f\u00fcr den Monat September ist erschienen. In der aktuellen Ausgabe des redaktionellen Amtsblattes geht es unter anderem um die anstehende Europ\u00e4ische Mobilit\u00e4tswoche (EMW) mit einer Woche voll Programm, die Modernisierung von Spielpl\u00e4tzen auf Essener Stadtgebiet oder das neue Abfallvermeidungskonzept der Stadt Essen. B\u00fcrger*innen sind herzlich eingeladen, sich zu beteiligen. Au\u00dferdem gibt es wieder viele Tipps f\u00fcr Veranstaltungen oder das Angebot des Ferienspatzes f\u00fcr die anstehenden Herbstferien.<\/p>\n<p>&#8222;Essen.Informiert&#8220; liegt an verschiedenen Ausgabestellen im Stadtgebiet aus und kann dort von Interessierten kostenlos mitgenommen werden. Auch online ist das redaktionelle Amtsblatt auf <a class=\"https:\/\/www.essen.de\/rathaus\/amtsblatt.de.html\" href=\"https:\/\/www.essen.de\/rathaus\/amtsblatt.de.html\" title=\"Interner Link, wird im selben Fenster angezeigt\" onclick=\"this.blur()\" rel=\"nofollow noopener\" target=\"_blank\">www.essen.de\/informiert <\/a>zu finden. Dort kann es heruntergeladen und als bl\u00e4tterbare Version gelesen werden. Auch die vorherigen Ausgaben sind dort abrufbar.<\/p>\n<p>Mit dem redaktionellen Amtsblatt m\u00f6chte die Stadt Essen B\u00fcrgerinnen*B\u00fcrgern, Initiativen und Interessengruppen zeigen, wie sie sich einbringen k\u00f6nnen. Au\u00dferdem werden Verwaltungsentscheidungen und Entscheidungen der Politik erkl\u00e4rt sowie Ver\u00e4nderungen im Stadtgebiet vorgestellt.<\/p>\n<p>\tHerausgegeben von:<\/p>\n<p class=\"detail\">\n<p>\t\t Stadt Essen<br \/>Presse- und Kommunikationsamt<br \/>Rathaus, Porscheplatz<br \/>45121\u00a0Essen<br \/>Telefon: +49 201 88-0 (ServiceCenter Essen)<br \/>E-Mail: <a href=\"https:\/\/www.essen.de\/meldungen\/mailto:presse@essen.de\" rel=\"nofollow noopener\" target=\"_blank\">presse@essen.de<\/a><br \/>URL: <a class=\"https:\/\/www.essen.de\/rathaus\/presse\/pressecenter.de.jsp\" href=\"https:\/\/www.essen.de\/rathaus\/presse\/pressecenter.de.jsp\" title=\"Interner Link, wird im selben Fenster angezeigt\" onclick=\"this.blur()\" rel=\"nofollow noopener\" target=\"_blank\">www.essen.de\/presse<\/a>\n\t<\/p>\n","protected":false},"excerpt":{"rendered":"12.09.2025 Die neue Ausgabe von &#8222;Essen.Informiert&#8220; f\u00fcr den Monat September ist erschienen. In der aktuellen Ausgabe des redaktionellen&hellip;\n","protected":false},"author":2,"featured_media":418811,"comment_status":"","ping_status":"","sticky":false,"template":"","format":"standard","meta":{"footnotes":""},"categories":[1834],"tags":[3364,29,3688,30,1209],"class_list":{"0":"post-418810","1":"post","2":"type-post","3":"status-publish","4":"format-standard","5":"has-post-thumbnail","7":"category-essen","8":"tag-de","9":"tag-deutschland","10":"tag-essen","11":"tag-germany","12":"tag-nordrhein-westfalen"},"share_on_mastodon":{"url":"https:\/\/pubeurope.com\/@de\/115195442985715062","error":""},"_links":{"self":[{"href":"https:\/\/www.europesays.com\/de\/wp-json\/wp\/v2\/posts\/418810","targetHints":{"allow":["GET"]}}],"collection":[{"href":"https:\/\/www.europesays.com\/de\/wp-json\/wp\/v2\/posts"}],"about":[{"href":"https:\/\/www.europesays.com\/de\/wp-json\/wp\/v2\/types\/post"}],"author":[{"embeddable":true,"href":"https:\/\/www.europesays.com\/de\/wp-json\/wp\/v2\/users\/2"}],"replies":[{"embeddable":true,"href":"https:\/\/www.europesays.com\/de\/wp-json\/wp\/v2\/comments?post=418810"}],"version-history":[{"count":0,"href":"https:\/\/www.europesays.com\/de\/wp-json\/wp\/v2\/posts\/418810\/revisions"}],"wp:featuredmedia":[{"embeddable":true,"href":"https:\/\/www.europesays.com\/de\/wp-json\/wp\/v2\/media\/418811"}],"wp:attachment":[{"href":"https:\/\/www.europesays.com\/de\/wp-json\/wp\/v2\/media?parent=418810"}],"wp:term":[{"taxonomy":"category","embeddable":true,"href":"https:\/\/www.europesays.com\/de\/wp-json\/wp\/v2\/categories?post=418810"},{"taxonomy":"post_tag","embeddable":true,"href":"https:\/\/www.europesays.com\/de\/wp-json\/wp\/v2\/tags?post=418810"}],"curies":[{"name":"wp","href":"https:\/\/api.w.org\/{rel}","templated":true}]}}