{"id":418812,"date":"2025-09-13T05:55:24","date_gmt":"2025-09-13T05:55:24","guid":{"rendered":"https:\/\/www.europesays.com\/de\/418812\/"},"modified":"2025-09-13T05:55:24","modified_gmt":"2025-09-13T05:55:24","slug":"in-diesen-restaurants-geht-der-karlsruher-spitzenkoch-mario-aliberti-gern-essen","status":"publish","type":"post","link":"https:\/\/www.europesays.com\/de\/418812\/","title":{"rendered":"In diesen Restaurants geht der Karlsruher Spitzenkoch Mario Aliberti gern essen"},"content":{"rendered":"<p class=\"intro\">\n  Wo gehen Karlsruher Gastro-Profis hin, wenn sie selbst mal essen gehen? Wir haben den Karlsruher Spitzenkoch Mario Aliberti nach seinen Lieblingsrestaurants gefragt \u2013 eines davon ist in Stra\u00dfburg.\n<\/p>\n<p>    <img fetchpriority=\"high\" decoding=\"async\" class=\"\" alt=\"Mario Aliberti steht in Kochkleidung in einer Profik\u00fcche neben einem Tisch mit mehreren angerichteten Tellern.\" src=\"https:\/\/bnn.de\/img\/15808224\/y7gBa_jsBH1AT4s12C3-qw\/5_Senses_01?size=1920&amp;format=jpeg&amp;variant=LANDSCAPE_16x9\" width=\"1920\" height=\"1080\" loading=\"eager\" data-upscaled=\"\"\/><\/p>\n<p>                Mario Aliberti f\u00fchrt seit anderthalb Jahren das 5 Senses in der Karlsruher Blumenstra\u00dfe. Wenn er selbst nicht am Herd steht, sch\u00e4tzt er frische und regionale K\u00fcche.<\/p>\n<p>            Foto: Rake Hora<\/p>\n<p>Authentische italienische K\u00fcche und Fine-Dining bietet der Spitzenkoch Mario Aliberti seit mehr als einem Jahr im 5 Senses in der Karlsruher Blumenstra\u00dfe an. <\/p>\n<p>Der 33-J\u00e4hrige aus Rastatt ist in der Gastronomie aufgewachsen und hat schon einige Stationen in etablierten Restaurants im Ausland und in Deutschland hinter sich \u2013 so unter anderem im Hotel Bayerischer Hof in M\u00fcnchen, im Lago in Ulm und im Badischen Hof in B\u00fchl.<\/p>\n<p>Wenn er nicht selbst am Pass in seinem Karlsruher Restaurant steht, isst er mit seiner Familie auch gern ausw\u00e4rts. \u201eWir gehen jeden Sonntag essen\u201c, erz\u00e4hlt er. Es kann auch mal Montag sein, wenn das 5 Senses geschlossen hat, oder auch nur zweimal im Monat, wenn nicht mehr Zeit bleibt.<\/p>\n<p>Top-Restaurants, f\u00fcr die man sich drei bis vier Stunden Zeit nehmen muss, besucht Aliberti lieber im Urlaub. Ansonsten darf es auch gern mal \u201elocker\u201c, aber trotzdem vor allem gut sein.<\/p>\n<blockquote class=\"quote\">\n<p>Man muss sehen, dass jemand sein Handwerk versteht.<\/p>\n<p>      Mario Aliberti<br \/>\n      <br \/>Koch\n  <\/p><\/blockquote>\n<p>\u201eDie Attraktivit\u00e4t der Speisekarte ist wichtig\u201c, nennt Aliberti einen Grund, der f\u00fcr ihn ausschlaggebend ist, ob er ein Restaurant besucht. Die Produkte m\u00fcssen frisch sein, Fertigprodukte mag der Karlsruher Koch nicht: \u201eMan muss sehen, dass jemand sein Handwerk versteht.\u201c<\/p>\n<p>Dabei geht es ihm nicht um gekaufte Sp\u00e4tzle auf dem Teller, sondern insbesondere um die Verarbeitung von Fleisch und Fisch. \u201eIch bin keine Prinzessin auf der Erbse\u201c, erkl\u00e4rt er, \u201eaber es kann schon sein, dass ich dann etwas auch mal nicht esse.\u201c<\/p>\n<\/p>\n<p>Ein Lieblingsgericht hat Aliberti nicht. Er mag es, wenn die Speisekarte variabel ist und Saisonales anbietet. \u201eIch freue mich immer, wenn es etwas Neues gibt\u201c, sagt er, \u201eund wenn es frisch gekocht ist, macht das viel aus.\u201c<\/p>\n<p>Lieblingsrestaurant in Stra\u00dfburg ist wie ein Wohnzimmer<\/p>\n<p>Alibertis \u201eabsolutes Lieblingsrestaurant\u201c ist das Umami in Stra\u00dfburg. \u201eEs ist eine Art Wohnzimmer\u201c, erkl\u00e4rt er. Ein ehemaliger Chef habe ihn vor zehn Jahren in das Restaurant im Viertel La Petite France gef\u00fchrt. Seitdem ist er regelm\u00e4\u00dfig dort.<\/p>\n<p>    <img decoding=\"async\" class=\"\" alt=\"Tische und St\u00fchle stehen im Stra\u00dfburger Sterne-Restaurant Umami.\" src=\"https:\/\/bnn.de\/img\/15808437\/v2YwUNzq8zvztJbZ4tQkqQ\/Umami?size=1920&amp;format=jpeg&amp;variant=LANDSCAPE_16x9\" width=\"1920\" height=\"1080\" loading=\"lazy\" data-upscaled=\"\"\/><\/p>\n<p>                Das mit einem Stern ausgezeichnete Restaurant Umami in Stra\u00dfburg ist das Lieblingsrestaurant des Karlsruher Spitzenkochs Mario Aliberti.<\/p>\n<p>            Foto: Jessica Fieger<\/p>\n<p>Die Inhaber Jessica und Ren\u00e9 Fieger bieten in dem mit einem Stern ausgezeichneten Umami nur 16 Pl\u00e4tze f\u00fcr G\u00e4ste. Angeboten wird ausschlie\u00dflich ein Men\u00fc am Abend, auf Wunsch wird dieses auch vegetarisch serviert. \u201eIch liebe das Konzept, das ist einfach gut gemacht\u201c, schw\u00e4rmt der Karlsruher Koch.<\/p>\n<p>Neapolitanische Pizza gibt es beim Vater in Haueneberstein<\/p>\n<p>Alibertis zweite Empfehlung ist eine, die von Herzen kommt. Wenn er authentisch italienisch essen m\u00f6chte, geht er dorthin, wo er sicher sein kann, dass es schmeckt: n\u00e4mlich in das Restaurant seines Vaters Antonio Aliberti. Dieser f\u00fchrt <a href=\"https:\/\/bnn.de\/mittelbaden\/baden-baden\/ehemaliger-la-perla-kuechenchef-eroeffnet-pizzeria-in-baden-baden\" rel=\"nofollow noopener\" target=\"_blank\">seit 2023 das Ristorante Pizzeria Da Alessandro in Haueneberstein<\/a> \u2013 und ist seit \u00fcber 40 Jahren in der Gastronomie t\u00e4tig.<\/p>\n<p>    <img decoding=\"async\" class=\"\" alt=\"Ein Mann in dunkler Kochkleidung steht neben einer Tafel mit Tagesempfehlungen in einem Restaurant und zeigt beide Daumen hoch.\" src=\"https:\/\/bnn.de\/img\/10524748\/yQr87sAN5qI2Ux6aizhaJw\/up-DSC_1182?size=1920&amp;format=jpeg&amp;variant=LANDSCAPE_16x9\" width=\"1920\" height=\"1080\" loading=\"lazy\" data-upscaled=\"\"\/><\/p>\n<p>                Antonio Aliberti f\u00fchrt die Pizzeria Da Alessandro in Haueneberstein.<\/p>\n<p>            Foto: Ulrich Philipp (Archiv)<\/p>\n<p>\u201ePizza und Salat sind unfassbar gut\u201c, verspricht der Sohn. Gerade, wer eine richtige neapolitanische Pizza probieren m\u00f6chte, sei in der Pizzeria in Haueneberstein richtig.<\/p>\n<p>Famili\u00e4re Atmosph\u00e4re in italienischem Restaurant in Ettlingen<\/p>\n<p>Die Pizza sch\u00e4tzt der Karlsruher Koch auch im Napoli 2 in Ettlingen, die auch schon bei den <a href=\"https:\/\/bnn.de\/karlsruhe\/ettlingen\/in-diesen-restaurants-geht-dehoga-chef-nikola-kovacic-gern-essen\" rel=\"nofollow noopener\" target=\"_blank\">Restaurant-Tipps von Dehoga-Chef Nikola Kovacic<\/a> auf der Liste stand. \u201eDort ist es super und vor allem locker mit Kind\u201c, sagt Aliberti, der selbst Papa ist. <\/p>\n<p>    <img decoding=\"async\" class=\"\" alt=\"Im Napoli 2 in Ettlingen stehen gr\u00fcne St\u00fchle aus Samt und mit goldenen Beinen sowie Tische im Restaurant. An den W\u00e4nden h\u00e4ngen bunte Bilder, Flaschen und ein Schild, auf dem in lila beleuchteter Schrift steht: \u201eNapoli 2 is my favourite place to be\u201c.\" src=\"https:\/\/bnn.de\/img\/15583478\/TaY_lb_im8698FqpK632Tw\/Napoli%202?size=934&amp;format=jpeg&amp;variant=PORTRAIT_2x3\" width=\"934\" height=\"1400\" loading=\"lazy\" data-portrait=\"\" data-upscaled=\"\"\/><\/p>\n<p>                Das Napoli 2 in Ettlingen bietet Pizza und Pasta. Mario Aliberti sch\u00e4tzt hier die famili\u00e4re Atmosph\u00e4re. Denn auch Kinder d\u00fcrfen sich hier wohlf\u00fchlen.<\/p>\n<p>            Foto: Fabio Grosso<\/p>\n<p>Die Stimmung in der Pizzeria beschreibt er als famili\u00e4r. \u201eDas ist wie Heimkommen\u201c, sagt er. So gebe es f\u00fcr seinen kleinen Sohn immer auch eine kleine Pizza. <\/p>\n<p>Waldbronn bietet nicht nur Sternek\u00fcche<\/p>\n<p>Eine weitere empfehlenswerte Adresse ist f\u00fcr den Karlsruher Koch in Waldbronn. Dort besucht er sowohl die Brasserie als auch das mit einem Stern ausgezeichnete Gourmet-Restaurant Schwitzer\u2019s gerne. \u201eDas sind einfach tolle Menschen und pr\u00e4gend f\u00fcr unsere Region\u201c, erkl\u00e4rt er.<\/p>\n<p>    <img decoding=\"async\" class=\"\" alt=\"Das Team von Schwitzer\u2019s Brasserie im Au\u00dfenbereich des Restaurants\" src=\"https:\/\/bnn.de\/img\/12335532\/2FdYJw7mOewfup60L22tEQ\/Schwitzers_Brasserie_01?size=1920&amp;format=jpeg&amp;variant=LANDSCAPE_16x9\" width=\"1920\" height=\"1080\" loading=\"lazy\" data-upscaled=\"\"\/><\/p>\n<p>                Geh\u00f6ren zu Schwitzer\u2019s Brasserie (von links): Margaux Manzel, Christiana Ciarnau-Barani, Tien Dai Nguyen, (Mitte vorne bis hinten) Franklin Rajesekharan, Febryani Cahya, Nam Phong Ho, David Gass und Eva-Maria Konrad.<\/p>\n<p>            Foto: Rake Hora (Archiv) <\/p>\n<p>Ausgezeichnetes Restaurant ist in der Karlsruher Scheffelstra\u00dfe<\/p>\n<p>\u201eWenn es High-End sein soll in der Region, dann geht es in das Restaurant Sein\u201c, sagt Aliberti. Das mit zwei Sternen ausgezeichnete Restaurant von Thorsten Bender in der Karlsruher Scheffelstra\u00dfe z\u00e4hlt zu den besten Restaurants in Deutschland. <\/p>\n<p>    <img decoding=\"async\" class=\"\" alt=\"Hausfassade mit drei Schaufenstern, dunkelgrauen Markisen und der Hausnummer 57 in einer gepflasterten Stra\u00dfe.\" src=\"https:\/\/bnn.de\/img\/8657184\/5IrhCHjphzYHf8ndj3ZIXw\/DO_Sein70423_3?size=1920&amp;format=jpeg&amp;variant=LANDSCAPE_16x9\" width=\"1920\" height=\"1080\" loading=\"lazy\" data-upscaled=\"\"\/><\/p>\n<p>                Eine kleine rote Tafel im Fenster des Restaurants Sein in der Scheffelstra\u00dfe zeigt die Michelin-Auszeichnung.<\/p>\n<p>            Foto: J\u00f6rg Donecker (Archiv)<\/p>\n<p>\u201eDa kann man froh sein, dass wir das in der Stadt haben, das muss man unterst\u00fctzen\u201c, findet Mario Aliberti.<\/p>\n<p>Badische K\u00fcche am Karlsruher Gutenbergplatz<\/p>\n<p>Es muss aber auch nicht immer Sternek\u00fcche sein. Eine entspannte Atmosph\u00e4re und badische K\u00fcche genie\u00dft Aliberti gerne auch mal im <a href=\"https:\/\/bnn.de\/karlsruhe\/karlsruhe-stadt\/innenstadt\/karlsruher-gastronomen-sammeln-7000-euro-bei-charity-dinner-auf-dem-gutenbergplatz\" rel=\"nofollow noopener\" target=\"_blank\">Gasthaus Gutenberg am Gutenbergplatz<\/a>. <\/p>\n<p>    <img decoding=\"async\" class=\"\" alt=\"Zwei Personen stehen in einem rustikalen Restaurant neben einem Tisch mit Speisekarten und einem rechteckigen Ger\u00e4t.\" src=\"https:\/\/bnn.de\/img\/4363775\/Z_qZTSiDBMYTbFfDvCfSjw\/Rathert%20Bender%20Gutenberg?size=1920&amp;format=jpeg&amp;variant=LANDSCAPE_16x9\" width=\"1920\" height=\"1080\" loading=\"lazy\" data-upscaled=\"\"\/><\/p>\n<p>                Denise Bender und Volker Rathert f\u00fchren das Gutenberg.<\/p>\n<p>            Foto: J\u00f6rg Donecker (Archiv)<\/p>\n<p>\u201eDas ist Handwerk und gut gemacht\u201c, findet er.<\/p>\n<p>          <a href=\"https:\/\/bnn.link\/55g\" target=\"_blank\" class=\"link-acquire\" rel=\"nofollow noopener\">Rechte am Artikel erwerben<\/a><\/p>\n<p>    <a class=\"button--full button--home button button--primary\" href=\"https:\/\/bnn.de\/\" _keys=\"class href\" rel=\"nofollow noopener\" target=\"_blank\">Zur \u00dcbersicht<\/a><\/p>\n","protected":false},"excerpt":{"rendered":"Wo gehen Karlsruher Gastro-Profis hin, wenn sie selbst mal essen gehen? Wir haben den Karlsruher Spitzenkoch Mario Aliberti&hellip;\n","protected":false},"author":2,"featured_media":418813,"comment_status":"","ping_status":"","sticky":false,"template":"","format":"standard","meta":{"footnotes":""},"categories":[1834],"tags":[3364,29,3688,30,1209],"class_list":{"0":"post-418812","1":"post","2":"type-post","3":"status-publish","4":"format-standard","5":"has-post-thumbnail","7":"category-essen","8":"tag-de","9":"tag-deutschland","10":"tag-essen","11":"tag-germany","12":"tag-nordrhein-westfalen"},"share_on_mastodon":{"url":"https:\/\/pubeurope.com\/@de\/115195447067345475","error":""},"_links":{"self":[{"href":"https:\/\/www.europesays.com\/de\/wp-json\/wp\/v2\/posts\/418812","targetHints":{"allow":["GET"]}}],"collection":[{"href":"https:\/\/www.europesays.com\/de\/wp-json\/wp\/v2\/posts"}],"about":[{"href":"https:\/\/www.europesays.com\/de\/wp-json\/wp\/v2\/types\/post"}],"author":[{"embeddable":true,"href":"https:\/\/www.europesays.com\/de\/wp-json\/wp\/v2\/users\/2"}],"replies":[{"embeddable":true,"href":"https:\/\/www.europesays.com\/de\/wp-json\/wp\/v2\/comments?post=418812"}],"version-history":[{"count":0,"href":"https:\/\/www.europesays.com\/de\/wp-json\/wp\/v2\/posts\/418812\/revisions"}],"wp:featuredmedia":[{"embeddable":true,"href":"https:\/\/www.europesays.com\/de\/wp-json\/wp\/v2\/media\/418813"}],"wp:attachment":[{"href":"https:\/\/www.europesays.com\/de\/wp-json\/wp\/v2\/media?parent=418812"}],"wp:term":[{"taxonomy":"category","embeddable":true,"href":"https:\/\/www.europesays.com\/de\/wp-json\/wp\/v2\/categories?post=418812"},{"taxonomy":"post_tag","embeddable":true,"href":"https:\/\/www.europesays.com\/de\/wp-json\/wp\/v2\/tags?post=418812"}],"curies":[{"name":"wp","href":"https:\/\/api.w.org\/{rel}","templated":true}]}}