{"id":418814,"date":"2025-09-13T05:56:13","date_gmt":"2025-09-13T05:56:13","guid":{"rendered":"https:\/\/www.europesays.com\/de\/418814\/"},"modified":"2025-09-13T05:56:13","modified_gmt":"2025-09-13T05:56:13","slug":"leser-raetseln-ueber-mysterioese-gebaeude-in-grevel","status":"publish","type":"post","link":"https:\/\/www.europesays.com\/de\/418814\/","title":{"rendered":"Leser r\u00e4tseln \u00fcber mysteri\u00f6se Geb\u00e4ude in Grevel"},"content":{"rendered":"<p>\t\tNordost-Geschichten<br \/>\n\t\t\t\t\tLeser r\u00e4tseln \u00fcber mysteri\u00f6se Geb\u00e4ude in Grevel<\/p>\n<p>\t\t<img alt=\"\" src=\"https:\/\/www.europesays.com\/de\/wp-content\/uploads\/2025\/05\/630_0036_48786_.jpg\"  class=\"avatar avatar-36 photo avatar-default\" height=\"36\" width=\"36\" loading=\"lazy\" decoding=\"async\"\/>\t\t<a class=\"article-author__name\" href=\"https:\/\/www.ruhrnachrichten.de\/author\/andreas-schroeter\/\" rel=\"author noopener\" target=\"_blank\">Andreas Schr\u00f6ter<\/a><br \/>\n\t\tRedakteur<\/p>\n<p>    <a href=\"https:\/\/www.ruhrnachrichten.de\/wp-content\/uploads\/2025\/09\/05\/12\/630_0900_5002456_Design_ohne_Titel_6_-1648x824.jpg\" target=\"_blank\" rel=\"noopener\"><\/p>\n<p>            <img loading=\"lazy\" decoding=\"async\" src=\"https:\/\/www.europesays.com\/de\/wp-content\/uploads\/2025\/09\/630_0900_5002455_Design_ohne_Titel_6_-640x428.jpg\" width=\"640\" height=\"428\"  alt=\"Wer wei\u00df, was es mit den flachen Geb\u00e4ude in der N\u00e4he von Malakowturm und Lanstroper Ei auf sich hat? \u2013 ein Thema f\u00fcr die Nordost-Geschichten von Andreas Schr\u00f6ter (Foto).\"\/><\/p>\n<p>    <\/a><br \/>\n    Wer wei\u00df, was es mit den flachen Geb\u00e4ude in der N\u00e4he von Malakowturm und Lanstroper Ei auf sich hat? &#8211; ein Thema f\u00fcr die Nordost-Geschichten von Andreas Schr\u00f6ter (Foto). \u00a9 Montage Andreas Schr\u00f6ter<\/p>\n<p class=\"article__teaser-text\">Ein Foto aus den 70ern sorgt f\u00fcr Diskussion: Waren es Baracken, Schachtgeb\u00e4ude oder Behelfsheime? Leser r\u00e4tseln \u00fcber Grevels Vergangenheit.<\/p>\n<p>1 Min Lesezeit<\/p>\n","protected":false},"excerpt":{"rendered":"Nordost-Geschichten Leser r\u00e4tseln \u00fcber mysteri\u00f6se Geb\u00e4ude in Grevel Andreas Schr\u00f6ter Redakteur Wer wei\u00df, was es mit den flachen&hellip;\n","protected":false},"author":2,"featured_media":400646,"comment_status":"","ping_status":"","sticky":false,"template":"","format":"standard","meta":{"footnotes":""},"categories":[1833],"tags":[3364,29,217,30,66072,497,1209],"class_list":{"0":"post-418814","1":"post","2":"type-post","3":"status-publish","4":"format-standard","5":"has-post-thumbnail","7":"category-dortmund","8":"tag-de","9":"tag-deutschland","10":"tag-dortmund","11":"tag-germany","12":"tag-grevel","13":"tag-historisches","14":"tag-nordrhein-westfalen"},"share_on_mastodon":{"url":"https:\/\/pubeurope.com\/@de\/115195450821683115","error":""},"_links":{"self":[{"href":"https:\/\/www.europesays.com\/de\/wp-json\/wp\/v2\/posts\/418814","targetHints":{"allow":["GET"]}}],"collection":[{"href":"https:\/\/www.europesays.com\/de\/wp-json\/wp\/v2\/posts"}],"about":[{"href":"https:\/\/www.europesays.com\/de\/wp-json\/wp\/v2\/types\/post"}],"author":[{"embeddable":true,"href":"https:\/\/www.europesays.com\/de\/wp-json\/wp\/v2\/users\/2"}],"replies":[{"embeddable":true,"href":"https:\/\/www.europesays.com\/de\/wp-json\/wp\/v2\/comments?post=418814"}],"version-history":[{"count":0,"href":"https:\/\/www.europesays.com\/de\/wp-json\/wp\/v2\/posts\/418814\/revisions"}],"wp:featuredmedia":[{"embeddable":true,"href":"https:\/\/www.europesays.com\/de\/wp-json\/wp\/v2\/media\/400646"}],"wp:attachment":[{"href":"https:\/\/www.europesays.com\/de\/wp-json\/wp\/v2\/media?parent=418814"}],"wp:term":[{"taxonomy":"category","embeddable":true,"href":"https:\/\/www.europesays.com\/de\/wp-json\/wp\/v2\/categories?post=418814"},{"taxonomy":"post_tag","embeddable":true,"href":"https:\/\/www.europesays.com\/de\/wp-json\/wp\/v2\/tags?post=418814"}],"curies":[{"name":"wp","href":"https:\/\/api.w.org\/{rel}","templated":true}]}}