{"id":418823,"date":"2025-09-13T06:01:14","date_gmt":"2025-09-13T06:01:14","guid":{"rendered":"https:\/\/www.europesays.com\/de\/418823\/"},"modified":"2025-09-13T06:01:14","modified_gmt":"2025-09-13T06:01:14","slug":"edeka-paschmann-setzt-ki-kameras-gegen-ladendiebstahl-ein","status":"publish","type":"post","link":"https:\/\/www.europesays.com\/de\/418823\/","title":{"rendered":"Edeka Paschmann setzt KI-Kameras gegen Ladendiebstahl ein"},"content":{"rendered":"<p class=\"text_ohne_einzug richtext text-em-55 !leading-serif mx-6 desktop:mx-0\">Edeka Paschmann in Bilk, ein riesiger Supermarkt mit 15 Kassen \u2013 acht davon zum Selbstscannen. \u00dcber den SB-Terminals h\u00e4ngen neuerdings kugelrunde Kameras, die Kunden auf die Finger schauen. Mithilfe von KI soll kontrolliert werden, dass man folgende fett ausgeschilderte Anweisung an der Kasse befolgt: \u201eAlle Artikel zur Abrechnung einscannen und danach in den rechten Beh\u00e4lter legen, um Diebstahl ausschlie\u00dfen zu k\u00f6nnen!\u201c<\/p>\n","protected":false},"excerpt":{"rendered":"Edeka Paschmann in Bilk, ein riesiger Supermarkt mit 15 Kassen \u2013 acht davon zum Selbstscannen. \u00dcber den SB-Terminals&hellip;\n","protected":false},"author":2,"featured_media":418824,"comment_status":"","ping_status":"","sticky":false,"template":"","format":"standard","meta":{"footnotes":""},"categories":[1831],"tags":[18239,3364,29,1686,3405,1024,30,7058,24952,1209,110155,110156],"class_list":{"0":"post-418823","1":"post","2":"type-post","3":"status-publish","4":"format-standard","5":"has-post-thumbnail","7":"category-duesseldorf","8":"tag-bilk","9":"tag-de","10":"tag-deutschland","11":"tag-diebstahl","12":"tag-duesseldorf","13":"tag-edeka","14":"tag-germany","15":"tag-kameras","16":"tag-ladendiebstahl","17":"tag-nordrhein-westfalen","18":"tag-paschmann","19":"tag-uepaschmann"},"share_on_mastodon":{"url":"https:\/\/pubeurope.com\/@de\/115195470444110206","error":""},"_links":{"self":[{"href":"https:\/\/www.europesays.com\/de\/wp-json\/wp\/v2\/posts\/418823","targetHints":{"allow":["GET"]}}],"collection":[{"href":"https:\/\/www.europesays.com\/de\/wp-json\/wp\/v2\/posts"}],"about":[{"href":"https:\/\/www.europesays.com\/de\/wp-json\/wp\/v2\/types\/post"}],"author":[{"embeddable":true,"href":"https:\/\/www.europesays.com\/de\/wp-json\/wp\/v2\/users\/2"}],"replies":[{"embeddable":true,"href":"https:\/\/www.europesays.com\/de\/wp-json\/wp\/v2\/comments?post=418823"}],"version-history":[{"count":0,"href":"https:\/\/www.europesays.com\/de\/wp-json\/wp\/v2\/posts\/418823\/revisions"}],"wp:featuredmedia":[{"embeddable":true,"href":"https:\/\/www.europesays.com\/de\/wp-json\/wp\/v2\/media\/418824"}],"wp:attachment":[{"href":"https:\/\/www.europesays.com\/de\/wp-json\/wp\/v2\/media?parent=418823"}],"wp:term":[{"taxonomy":"category","embeddable":true,"href":"https:\/\/www.europesays.com\/de\/wp-json\/wp\/v2\/categories?post=418823"},{"taxonomy":"post_tag","embeddable":true,"href":"https:\/\/www.europesays.com\/de\/wp-json\/wp\/v2\/tags?post=418823"}],"curies":[{"name":"wp","href":"https:\/\/api.w.org\/{rel}","templated":true}]}}