{"id":418826,"date":"2025-09-13T06:03:12","date_gmt":"2025-09-13T06:03:12","guid":{"rendered":"https:\/\/www.europesays.com\/de\/418826\/"},"modified":"2025-09-13T06:03:12","modified_gmt":"2025-09-13T06:03:12","slug":"sc-freiburg-vs-vfb-stuttgart-heute-live-im-free-tv-sehen-wer-zeigt-uebertraegt-das-einzelspiel-und-die-konferenz-der-bundesliga-am-samstag-im-tv-sowie-livestream","status":"publish","type":"post","link":"https:\/\/www.europesays.com\/de\/418826\/","title":{"rendered":"SC Freiburg vs. VfB Stuttgart heute live im Free-TV sehen: Wer zeigt \/ \u00fcbertr\u00e4gt das Einzelspiel und die Konferenz der Bundesliga am Samstag im TV sowie Livestream?"},"content":{"rendered":"<p>Der SC Freiburg empf\u00e4ngt den VfB Stuttgart zum Derby in der Bundesliga. Doch wer zeigt das Spiel? Hier bei SPOX erfahrt Ihr es.<\/p>\n<p>Baden-W\u00fcrttemberg-Derby in der Bundesliga! Am heutigen Samstag (13. September) kriegt es der SC Freiburg mit dem VfB Stuttgart zu tun. Der Ball im Europa-Park-Stadion\u00a0in Freiburg rollt ab 15.30 Uhr.<\/p>\n<p><strong>SPOX<\/strong>verr\u00e4t Euch in diesem Artikel, wie Ihr die Partie heute live im TV und Livestream sehen k\u00f6nnt.<\/p>\n<p>SC Freiburg vs. VfB Stuttgart heute live im Free-TV sehen: Wer zeigt \/ \u00fcbertr\u00e4gt das Einzelspiel und die Konferenz der Bundesliga am Samstag im TV sowie Livestream?<\/p>\n<p>Das Bundesliga-Derby zwischen Freiburg und Stuttgart wird am Samstag exklusiv bei Sky gezeigt \u2013 live und in voller L\u00e4nge. Zu sehen ist das Einzelspiel sowohl im Pay-TV als auch im Livestream \u00fcber SkyGo und WOW. Die \u00dcbertragung auf Sky Sport Bundesliga 3 HD beginnt um 15.15 Uhr, durch die Partie begleitet Euch Kommentator Jonas Friedrich.<\/p>\n<p>Wer hingegen die Samstagskonferenz mit allen Spielen ab 15.30 Uhr verfolgen m\u00f6chte, ist bei DAZN an der richtigen Adresse. Der Streamingdienst h\u00e4lt seit der Saison 2025\/26 die Rechte an der Bundesliga-Konferenz.<\/p>\n<p>SC Freiburg vs. VfB Stuttgart: Ansto\u00dfzeitDetails<\/p>\n<ul class=\"fco-match-details__list\">\n<li class=\"fco-match-details__list-item\"><img class=\"fco-image__image fco-image__image--cover\" alt=\"Bundesliga image\" loading=\"lazy\" decoding=\"auto\" fetchpriority=\"auto\" height=\"24\" src=\"https:\/\/www.europesays.com\/de\/wp-content\/uploads\/2025\/09\/6by3h89i2eykc341oz7lv1ddd.png\"\/><a href=\"https:\/\/www.spox.com\/competities\/bundesliga\/6by3h89i2eykc341oz7lv1ddd\" rel=\"noopener noreferer\" class=\"fco-match-details__list-item-info\" target=\"_blank\">Bundesliga<\/a><\/li>\n<li class=\"fco-match-details__list-item\">13. Sept. 2025, 15:30<\/li>\n<li class=\"fco-match-details__list-item\">Europa-Park Stadion<\/li>\n<\/ul>\n<p>SC Freiburg vs. VfB Stuttgart: Aufstellungen<img class=\"fco-image__image fco-image__image--cover\" alt=\"SCF crest\" loading=\"lazy\" decoding=\"auto\" fetchpriority=\"auto\" src=\"https:\/\/www.europesays.com\/de\/wp-content\/uploads\/2025\/09\/dN5CtbSBGnhp4WlWi0xGZ.png\"\/><\/p>\n<p>SCF<\/p>\n<p>SCF<\/p>\n<p><img class=\"fco-image__image fco-image__image--cover\" alt=\"VFB crest\" loading=\"lazy\" decoding=\"auto\" fetchpriority=\"auto\" src=\"https:\/\/www.europesays.com\/de\/wp-content\/uploads\/2025\/09\/3dwlvz6cl4lcavvrg0y2dycrt.png\"\/><\/p>\n<p>VFB<\/p>\n<p>VFB<\/p>\n<p><img class=\"fco-image__image fco-image__image--cover\" alt=\"SCF crest\" loading=\"lazy\" decoding=\"auto\" fetchpriority=\"auto\" src=\"https:\/\/www.europesays.com\/de\/wp-content\/uploads\/2025\/09\/dN5CtbSBGnhp4WlWi0xGZ.png\"\/><\/p>\n<p>SCF<\/p>\n<p>SCF<\/p>\n<p><img class=\"fco-image__image fco-image__image--cover\" alt=\"VFB crest\" loading=\"lazy\" decoding=\"auto\" fetchpriority=\"auto\" src=\"https:\/\/www.europesays.com\/de\/wp-content\/uploads\/2025\/09\/3dwlvz6cl4lcavvrg0y2dycrt.png\"\/><\/p>\n<p>VFB<\/p>\n<p>VFB<\/p>\n<p><img class=\"fco-image__image fco-image__image--cover\" alt=\"SCF crest\" loading=\"lazy\" decoding=\"auto\" fetchpriority=\"auto\" src=\"https:\/\/www.europesays.com\/de\/wp-content\/uploads\/2025\/09\/dN5CtbSBGnhp4WlWi0xGZ.png\"\/><\/p>\n<p>SCF<\/p>\n<p>SCF<\/p>\n<p><img class=\"fco-image__image fco-image__image--cover\" alt=\"VFB crest\" loading=\"lazy\" decoding=\"auto\" fetchpriority=\"auto\" src=\"https:\/\/www.europesays.com\/de\/wp-content\/uploads\/2025\/09\/3dwlvz6cl4lcavvrg0y2dycrt.png\"\/><\/p>\n<p>VFB<\/p>\n<p>VFB<\/p>\n<p>SC Freiburg vs. VfB Stuttgart: Form<img class=\"fco-image__image fco-image__image--cover\" alt=\"SCF crest\" loading=\"lazy\" decoding=\"auto\" fetchpriority=\"auto\" src=\"https:\/\/www.europesays.com\/de\/wp-content\/uploads\/2025\/09\/dN5CtbSBGnhp4WlWi0xGZ.png\"\/><\/p>\n<p>SCF<\/p>\n<p>SCF<\/p>\n<p><img class=\"fco-image__image fco-image__image--cover\" alt=\"VFB crest\" loading=\"lazy\" decoding=\"auto\" fetchpriority=\"auto\" src=\"https:\/\/www.europesays.com\/de\/wp-content\/uploads\/2025\/09\/3dwlvz6cl4lcavvrg0y2dycrt.png\"\/><\/p>\n<p>VFB<\/p>\n<p>VFB<\/p>\n<p>Tor erzielt (kassiert)10\/11<\/p>\n<p>Spiele \u00fcber 2.5 Tore4\/5<\/p>\n<p>Beide Teams haben getroffen4\/5<\/p>\n<p>Tor erzielt (kassiert)13\/10<\/p>\n<p>Spiele \u00fcber 2.5 Tore4\/5<\/p>\n<p>Beide Teams haben getroffen4\/5<\/p>\n<p>SC Freiburg vs. VfB Stuttgart: Bilanz direkte DuelleSC Freiburg vs. VfB Stuttgart: Die TabellenBundesliga Tabelle<img class=\"fco-image__image fco-image__image--cover\" alt=\"\" loading=\"lazy\" decoding=\"auto\" fetchpriority=\"auto\" height=\"22\" src=\"https:\/\/www.europesays.com\/de\/wp-content\/uploads\/2025\/09\/6by3h89i2eykc341oz7lv1ddd.png\"\/><\/p>\n<p>Champions League<\/p>\n<p>UEFA Europa League<\/p>\n<p>Qualifikation f\u00fcr die Europa Conference League<\/p>\n<p>Play-offs Abstieg<\/p>\n<p>Abstieg<\/p>\n","protected":false},"excerpt":{"rendered":"Der SC Freiburg empf\u00e4ngt den VfB Stuttgart zum Derby in der Bundesliga. Doch wer zeigt das Spiel? Hier&hellip;\n","protected":false},"author":2,"featured_media":418827,"comment_status":"","ping_status":"","sticky":false,"template":"","format":"standard","meta":{"footnotes":""},"categories":[1830],"tags":[1634,299,3364,29,295,110158,347,30,298,110157,4604,1441,2915],"class_list":{"0":"post-418826","1":"post","2":"type-post","3":"status-publish","4":"format-standard","5":"has-post-thumbnail","7":"category-stuttgart","8":"tag-baden-wuerttemberg","9":"tag-bundesliga","10":"tag-de","11":"tag-deutschland","12":"tag-freiburg","13":"tag-freiburg-vs-vfb-stuttgart","14":"tag-fussball","15":"tag-germany","16":"tag-sc-freiburg","17":"tag-sc-freiburg-vs-vfb-stuttgart","18":"tag-soccer","19":"tag-stuttgart","20":"tag-vfb-stuttgart"},"share_on_mastodon":{"url":"https:\/\/pubeurope.com\/@de\/115195478577122395","error":""},"_links":{"self":[{"href":"https:\/\/www.europesays.com\/de\/wp-json\/wp\/v2\/posts\/418826","targetHints":{"allow":["GET"]}}],"collection":[{"href":"https:\/\/www.europesays.com\/de\/wp-json\/wp\/v2\/posts"}],"about":[{"href":"https:\/\/www.europesays.com\/de\/wp-json\/wp\/v2\/types\/post"}],"author":[{"embeddable":true,"href":"https:\/\/www.europesays.com\/de\/wp-json\/wp\/v2\/users\/2"}],"replies":[{"embeddable":true,"href":"https:\/\/www.europesays.com\/de\/wp-json\/wp\/v2\/comments?post=418826"}],"version-history":[{"count":0,"href":"https:\/\/www.europesays.com\/de\/wp-json\/wp\/v2\/posts\/418826\/revisions"}],"wp:featuredmedia":[{"embeddable":true,"href":"https:\/\/www.europesays.com\/de\/wp-json\/wp\/v2\/media\/418827"}],"wp:attachment":[{"href":"https:\/\/www.europesays.com\/de\/wp-json\/wp\/v2\/media?parent=418826"}],"wp:term":[{"taxonomy":"category","embeddable":true,"href":"https:\/\/www.europesays.com\/de\/wp-json\/wp\/v2\/categories?post=418826"},{"taxonomy":"post_tag","embeddable":true,"href":"https:\/\/www.europesays.com\/de\/wp-json\/wp\/v2\/tags?post=418826"}],"curies":[{"name":"wp","href":"https:\/\/api.w.org\/{rel}","templated":true}]}}