{"id":418831,"date":"2025-09-13T06:06:12","date_gmt":"2025-09-13T06:06:12","guid":{"rendered":"https:\/\/www.europesays.com\/de\/418831\/"},"modified":"2025-09-13T06:06:12","modified_gmt":"2025-09-13T06:06:12","slug":"ausstellung-blooming-barocke-bluetenpracht-im-wallraf-richartz-museum-koeln","status":"publish","type":"post","link":"https:\/\/www.europesays.com\/de\/418831\/","title":{"rendered":"Ausstellung \u201eB(l)ooming \u2013 Barocke Bl\u00fctenpracht\u201c im Wallraf-Richartz-Museum K\u00f6ln"},"content":{"rendered":"<p class=\"Paragraph_root__UjMp8 Paragraph_default-lg-default__kHtfk articleParagraph\">Sie dienten der Dekoration, der Erbauung oder der Andacht, sie transportierten (geheime) Botschaften, standen f\u00fcr Romantik oder k\u00fcndeten von der Sch\u00f6nheit des Paradieses. Einige von ihnen lenken den Blick auf einzelne Arrangements, andere zeigen Landschaften, G\u00e4rten oder R\u00e4ume. \u201eB(l)ooming \u2013 Barocke Bl\u00fctenpracht\u201c ist die aktuelle Jahresausstellung \u00fcberschrieben, die das K\u00f6lner Wallraf-Richartz-Museum bis Ende Mai 2026 zeigt. Der Titel ist ein Wortspiel aus Bl\u00fchen (Englisch: to bloom) und Boomen. Was der Tatsache Rechnung tr\u00e4gt, dass blumige Motive in der Kunst des Barocks einen bis dahin nie gekannten Aufschwung erlebten.<\/p>\n","protected":false},"excerpt":{"rendered":"Sie dienten der Dekoration, der Erbauung oder der Andacht, sie transportierten (geheime) Botschaften, standen f\u00fcr Romantik oder k\u00fcndeten&hellip;\n","protected":false},"author":2,"featured_media":418832,"comment_status":"","ping_status":"","sticky":false,"template":"","format":"standard","meta":{"footnotes":""},"categories":[1828],"tags":[29,30,1420,1209],"class_list":{"0":"post-418831","1":"post","2":"type-post","3":"status-publish","4":"format-standard","5":"has-post-thumbnail","7":"category-koeln","8":"tag-deutschland","9":"tag-germany","10":"tag-koeln","11":"tag-nordrhein-westfalen"},"share_on_mastodon":{"url":"https:\/\/pubeurope.com\/@de\/115195490167788422","error":""},"_links":{"self":[{"href":"https:\/\/www.europesays.com\/de\/wp-json\/wp\/v2\/posts\/418831","targetHints":{"allow":["GET"]}}],"collection":[{"href":"https:\/\/www.europesays.com\/de\/wp-json\/wp\/v2\/posts"}],"about":[{"href":"https:\/\/www.europesays.com\/de\/wp-json\/wp\/v2\/types\/post"}],"author":[{"embeddable":true,"href":"https:\/\/www.europesays.com\/de\/wp-json\/wp\/v2\/users\/2"}],"replies":[{"embeddable":true,"href":"https:\/\/www.europesays.com\/de\/wp-json\/wp\/v2\/comments?post=418831"}],"version-history":[{"count":0,"href":"https:\/\/www.europesays.com\/de\/wp-json\/wp\/v2\/posts\/418831\/revisions"}],"wp:featuredmedia":[{"embeddable":true,"href":"https:\/\/www.europesays.com\/de\/wp-json\/wp\/v2\/media\/418832"}],"wp:attachment":[{"href":"https:\/\/www.europesays.com\/de\/wp-json\/wp\/v2\/media?parent=418831"}],"wp:term":[{"taxonomy":"category","embeddable":true,"href":"https:\/\/www.europesays.com\/de\/wp-json\/wp\/v2\/categories?post=418831"},{"taxonomy":"post_tag","embeddable":true,"href":"https:\/\/www.europesays.com\/de\/wp-json\/wp\/v2\/tags?post=418831"}],"curies":[{"name":"wp","href":"https:\/\/api.w.org\/{rel}","templated":true}]}}