{"id":418841,"date":"2025-09-13T06:11:12","date_gmt":"2025-09-13T06:11:12","guid":{"rendered":"https:\/\/www.europesays.com\/de\/418841\/"},"modified":"2025-09-13T06:11:12","modified_gmt":"2025-09-13T06:11:12","slug":"bundesweiter-warntag-zwei-polizisten-in-hamburg-verletzt","status":"publish","type":"post","link":"https:\/\/www.europesays.com\/de\/418841\/","title":{"rendered":"Bundesweiter Warntag \u2013 Zwei Polizisten in Hamburg verletzt"},"content":{"rendered":"<p>Am bundesweiten Warntag sind beim Ausl\u00f6sen einer B\u00f6llerschussanlage in Hamburg zwei Beamte verletzt worden. Bei den Verletzten handele es sich um zwei Polizisten, die die Anlage bedient haben, sagte ein Sprecher der Innenbeh\u00f6rde der Hansestadt. Wie genau es zu den Verletzungen kam und wie schwer diese sind, sei derzeit bisher nicht bekannt. Ansonsten seien aber alle f\u00fcnf B\u00f6llerschussanlagen rund um den Hafen wie geplant losgegangen.\u00a0 <\/p>\n<p>Insgesamt bezeichnete die Innenbeh\u00f6rde den Warntag in der Hansestadt als erfolgreich: Alle Warnsysteme h\u00e4tten ausgel\u00f6st, au\u00dfer die, die sich in der Wartung befunden h\u00e4tten. Dabei handele es sich nach Angabe des Sprechers um \u201eeine Handvoll\u201c.\u00a0 <\/p>\n<p>Um 11.00 Uhr am Donnerstag heulten die Sirenen. Au\u00dferdem wurde eine Nachricht \u00fcber Cell Broadcast an alle Handys verschickt. Im sturmflutgef\u00e4hrdeten Stadtgebiet stehen 130 Sirenen, weitere 60 verteilen sich auf das \u00fcbrige Hamburg. Um 11.45 Uhr wurde mit einem einmin\u00fctigen Dauerton der Sirenen Entwarnung gegeben. <\/p>\n<p>Die Hamburger Beh\u00f6rden wiesen im Vorfeld besonders auf die Gefahr durch Sturmfluten hin. Bereits um 10.45 Uhr gab es eine Testmeldung \u00fcber die Warn-Apps wie NINA und die digitalen Stadtinformationsanlagen, um \u00fcber den Beginn der Sturmflutsaison zu informieren. Die Sturmflutsaison dauert bis Ende M\u00e4rz. <\/p>\n","protected":false},"excerpt":{"rendered":"Am bundesweiten Warntag sind beim Ausl\u00f6sen einer B\u00f6llerschussanlage in Hamburg zwei Beamte verletzt worden. Bei den Verletzten handele&hellip;\n","protected":false},"author":2,"featured_media":418842,"comment_status":"","ping_status":"","sticky":false,"template":"","format":"standard","meta":{"footnotes":""},"categories":[1826],"tags":[29,30,1724,692,5668,15617],"class_list":{"0":"post-418841","1":"post","2":"type-post","3":"status-publish","4":"format-standard","5":"has-post-thumbnail","7":"category-hamburg","8":"tag-deutschland","9":"tag-germany","10":"tag-gesellschaft","11":"tag-hamburg","12":"tag-katastrophenschutz","13":"tag-unflle"},"share_on_mastodon":{"url":"https:\/\/pubeurope.com\/@de\/115195509857493198","error":""},"_links":{"self":[{"href":"https:\/\/www.europesays.com\/de\/wp-json\/wp\/v2\/posts\/418841","targetHints":{"allow":["GET"]}}],"collection":[{"href":"https:\/\/www.europesays.com\/de\/wp-json\/wp\/v2\/posts"}],"about":[{"href":"https:\/\/www.europesays.com\/de\/wp-json\/wp\/v2\/types\/post"}],"author":[{"embeddable":true,"href":"https:\/\/www.europesays.com\/de\/wp-json\/wp\/v2\/users\/2"}],"replies":[{"embeddable":true,"href":"https:\/\/www.europesays.com\/de\/wp-json\/wp\/v2\/comments?post=418841"}],"version-history":[{"count":0,"href":"https:\/\/www.europesays.com\/de\/wp-json\/wp\/v2\/posts\/418841\/revisions"}],"wp:featuredmedia":[{"embeddable":true,"href":"https:\/\/www.europesays.com\/de\/wp-json\/wp\/v2\/media\/418842"}],"wp:attachment":[{"href":"https:\/\/www.europesays.com\/de\/wp-json\/wp\/v2\/media?parent=418841"}],"wp:term":[{"taxonomy":"category","embeddable":true,"href":"https:\/\/www.europesays.com\/de\/wp-json\/wp\/v2\/categories?post=418841"},{"taxonomy":"post_tag","embeddable":true,"href":"https:\/\/www.europesays.com\/de\/wp-json\/wp\/v2\/tags?post=418841"}],"curies":[{"name":"wp","href":"https:\/\/api.w.org\/{rel}","templated":true}]}}