{"id":418845,"date":"2025-09-13T06:13:25","date_gmt":"2025-09-13T06:13:25","guid":{"rendered":"https:\/\/www.europesays.com\/de\/418845\/"},"modified":"2025-09-13T06:13:25","modified_gmt":"2025-09-13T06:13:25","slug":"berlin-regierung-211-afghanen-aus-aufnahmeprogramm-abgeschoben","status":"publish","type":"post","link":"https:\/\/www.europesays.com\/de\/418845\/","title":{"rendered":"Berlin | Regierung: 211 Afghanen aus Aufnahmeprogramm abgeschoben"},"content":{"rendered":"<p>Berlin (dpa) &#8211; Pakistan hat nach Informationen der Bundesregierung in den vergangenen Tagen 211 Menschen aus dem deutschen Aufnahmeprogramm f\u00fcr besonders gef\u00e4hrdete Afghaninnen und Afghanen in ihr Herkunftsland abgeschoben. Ein Sprecher des Ausw\u00e4rtigen Amts teilte in Berlin mit, insgesamt seien zuvor rund 450 Menschen aus dem Programm von den pakistanischen Beh\u00f6rden festgenommen worden, mit dem Ziel der Abschiebung.\u00a0<\/p>\n<p>Die deutsche Botschaft in Islamabad und das Ausw\u00e4rtige Amt h\u00e4tten durch Kontakte mit den pakistanischen Beh\u00f6rden erreicht, dass am vergangenen Wochenende 245 dieser Menschen aus den Abschiebelagern wieder freigekommen seien.\u00a0<\/p>\n<p>Unterkunft f\u00fcr aus Pakistan abgeschobene Afghanen<\/p>\n<p>F\u00fcr die Abgeschobenen habe man in Afghanistan mit Hilfe eines Dienstleisters eine Unterbringung organisiert. Die Bundesregierung bem\u00fche sich unterdessen im Gespr\u00e4ch mit den pakistanischen Beh\u00f6rden, diesen 211 Menschen die R\u00fcckkehr nach Pakistan zu erm\u00f6glichen.\u00a0<\/p>\n<p>Insgesamt warten mehr als 2.000 Afghanen im Rahmen der verschiedenen Aufnahmeprogramme auf eine Ausreise nach Deutschland. Sie sind etwa ehemalige Ortskr\u00e4fte oder gelten als besonders gef\u00e4hrdet. Da die deutsche Botschaft in Kabul seit der Macht\u00fcbernahme durch die islamistischen Taliban im August 2021 geschlossen ist, durchlaufen sie in Pakistan ein Pr\u00fcfverfahren.\u00a0<\/p>\n<p>Innenministerium pocht auf Sicherheitspr\u00fcfungen<\/p>\n<p>Bundesinnenminister Alexander Dobrindt (CSU) hatte vergangene Woche gesagt, es werde in jedem Einzelfall gepr\u00fcft, ob eine rechtsverbindliche Verpflichtung zur Aufnahme bestehe. Zudem werde in jedem Fall eine Sicherheits\u00fcberpr\u00fcfung durchgef\u00fchrt.\u00a0Ein Sprecher des Bundesinnenministeriums sagte, f\u00fcr die notwendigen Pr\u00fcfungen seien Mitarbeiter des Bundesamtes f\u00fcr Migration und Fl\u00fcchtlinge (Bamf) in Pakistan.\u00a0<\/p>\n<p>In der Vergangenheit gab es immer wieder Kritik, dass die Aufnahmeverfahren zu lange dauerten. Die pakistanischen Beh\u00f6rden hatten bereits in den vergangenen Monaten mehrere Afghanen mit Aufnahmezusage f\u00fcr Deutschland vor\u00fcbergehend festgenommen.<\/p>\n","protected":false},"excerpt":{"rendered":"Berlin (dpa) &#8211; Pakistan hat nach Informationen der Bundesregierung in den vergangenen Tagen 211 Menschen aus dem deutschen&hellip;\n","protected":false},"author":2,"featured_media":418846,"comment_status":"","ping_status":"","sticky":false,"template":"","format":"standard","meta":{"footnotes":""},"categories":[1825],"tags":[7451,1941,1939,296,1937,1173,29,30,382,1940,1938],"class_list":{"0":"post-418845","1":"post","2":"type-post","3":"status-publish","4":"format-standard","5":"has-post-thumbnail","7":"category-berlin","8":"tag-afghanistan","9":"tag-aktuelle-nachrichten-aus-berlin","10":"tag-aktuelle-news-aus-berlin","11":"tag-berlin","12":"tag-berlin-news","13":"tag-bundesregierung","14":"tag-deutschland","15":"tag-germany","16":"tag-migration","17":"tag-nachrichten-aus-berlin","18":"tag-news-aus-berlin"},"share_on_mastodon":{"url":"https:\/\/pubeurope.com\/@de\/115195517690927521","error":""},"_links":{"self":[{"href":"https:\/\/www.europesays.com\/de\/wp-json\/wp\/v2\/posts\/418845","targetHints":{"allow":["GET"]}}],"collection":[{"href":"https:\/\/www.europesays.com\/de\/wp-json\/wp\/v2\/posts"}],"about":[{"href":"https:\/\/www.europesays.com\/de\/wp-json\/wp\/v2\/types\/post"}],"author":[{"embeddable":true,"href":"https:\/\/www.europesays.com\/de\/wp-json\/wp\/v2\/users\/2"}],"replies":[{"embeddable":true,"href":"https:\/\/www.europesays.com\/de\/wp-json\/wp\/v2\/comments?post=418845"}],"version-history":[{"count":0,"href":"https:\/\/www.europesays.com\/de\/wp-json\/wp\/v2\/posts\/418845\/revisions"}],"wp:featuredmedia":[{"embeddable":true,"href":"https:\/\/www.europesays.com\/de\/wp-json\/wp\/v2\/media\/418846"}],"wp:attachment":[{"href":"https:\/\/www.europesays.com\/de\/wp-json\/wp\/v2\/media?parent=418845"}],"wp:term":[{"taxonomy":"category","embeddable":true,"href":"https:\/\/www.europesays.com\/de\/wp-json\/wp\/v2\/categories?post=418845"},{"taxonomy":"post_tag","embeddable":true,"href":"https:\/\/www.europesays.com\/de\/wp-json\/wp\/v2\/tags?post=418845"}],"curies":[{"name":"wp","href":"https:\/\/api.w.org\/{rel}","templated":true}]}}