{"id":418854,"date":"2025-09-13T06:19:21","date_gmt":"2025-09-13T06:19:21","guid":{"rendered":"https:\/\/www.europesays.com\/de\/418854\/"},"modified":"2025-09-13T06:19:21","modified_gmt":"2025-09-13T06:19:21","slug":"sara-kulka-wurde-opfer-eines-liebesbetrugs-ich-fuehle-mich-ohnmaechtig","status":"publish","type":"post","link":"https:\/\/www.europesays.com\/de\/418854\/","title":{"rendered":"Sara Kulka wurde Opfer eines Liebesbetrugs: &#8222;Ich f\u00fchle mich ohnm\u00e4chtig&#8220;"},"content":{"rendered":"<p>Sara Kulka<br \/>\nRealitystar wurde Opfer eines Liebesbetrugs<\/p>\n<p><img class=\"image image-element__image\"   src=\"https:\/\/www.europesays.com\/de\/wp-content\/uploads\/2025\/09\/sara-kulka.jpg\" alt=\"Sara Kulka\" decoding=\"async\" fetchpriority=\"high\" loading=\"eager\"\/><br \/>\n<a href=\"https:\/\/image.gala.de\/24451564\/t\/kX\/v3\/w2048\/r1.5\/-\/sara-kulka.jpg#Tristar%20Media%20%2F%20Getty%20Images\" class=\"image__magnifier\" aria-label=\"Vergr\u00f6\u00dfern\" rel=\"nofollow noopener\" target=\"_blank\"><\/p>\n<p>\u00a9 Tristar Media \/ Getty Images<\/p>\n<p>\nSara Kulka meldet sich mit einer erschreckenden Nachricht bei ihren Fans: Die Reality-TV-Darstellerin ist einem Liebesbetrug zum Opfer gefallen. In den sozialen Medien gibt sie nun Einblick in ihre Gef\u00fchlswelt.\n<\/p>\n<p class=\"text-element u-richtext u-typo u-typo--article-text article__text-element text-element--context-article\"> Es f\u00e4llt <a class=\"link--person\" data-target-type=\"article\" href=\"https:\/\/www.gala.de\/stars\/starportraets\/sara-kulka-20536726.html\" rel=\"nofollow noopener\" target=\"_blank\">Sara Kulka<\/a>, 35, nicht leicht, dieses Update aus ihrem Privatleben zu geben. Sichtlich mitgenommen spricht sie in ihrer Instagram-Story in die Kamera und betont: &#8222;Mein Leben ist wie so ein Dramafilm und jedes Mal denke ich: &#8218;Es kann nicht schlimmer werden. Das geht nicht.&#8216; Und dann geht es doch.&#8220;<\/p>\n<p class=\"text-element u-richtext u-typo u-typo--article-text article__text-element text-element--context-article\"> Kurz darauf offenbart die einstige <a class=\"taxonomy-entity keyword\" data-target-type=\"article\" href=\"https:\/\/www.gala.de\/lifestyle\/film-tv-musik\/themen\/gntm-22393262.html\" target=\"_self\" rel=\"nofollow noopener\">GNTM<\/a>-Teilnehmerin, dass sie von dem Mann, mit dem sie die vergangenen Monate liiert war, unter anderem Lovebombing erfahren hat.<\/p>\n<p>Sara Kulka wurde Opfer eines Liebesbetrugs<\/p>\n<p class=\"text-element u-richtext u-typo u-typo--article-text article__text-element text-element--context-article\"> &#8222;Viele von euch haben sicher schon vom Tinder-Schwindler geh\u00f6rt. Und wahrscheinlich kennt ihr auch den Begriff Lovebombing. Ich habe immer geglaubt, mir k\u00f6nnte so etwas niemals passieren&#8220;, schreibt Sara Kulka in ihrer Story. Sie sei davon \u00fcberzeugt gewesen, eine gute Menschenkenntnis zu haben. Sie habe gedacht, sie sei stark.<\/p>\n<p><img class=\"image image-element__image\"   src=\"https:\/\/www.europesays.com\/de\/wp-content\/uploads\/2025\/09\/sara-kulka-insta.jpg\" alt=\"Sara Kulka: Realitystar wurde Opfer eines Liebesbetrugs\" decoding=\"async\" fetchpriority=\"auto\" loading=\"lazy\"\/><br \/>\n<a href=\"https:\/\/image.gala.de\/24451568\/t\/CU\/v5\/w2048\/r0\/-\/sara-kulka-insta.jpg#instagram.com%2Fsarakulka_\" class=\"image__magnifier\" aria-label=\"Vergr\u00f6\u00dfern\" rel=\"nofollow noopener\" target=\"_blank\"><\/p>\n<p>\u00a9 instagram.com\/sarakulka_<\/p>\n<p class=\"text-element u-richtext u-typo u-typo--article-text article__text-element text-element--context-article\"> Doch dann habe sie Lovebombing am eigenen Leib erfahren und es habe sich gut angef\u00fchlt. &#8222;Es war sch\u00f6n, berauschend, \u00fcberw\u00e4ltigend&#8220;, erkl\u00e4rt das Model. Nach ihrer Kindheit, in der ihr Liebe oft gefehlt habe, habe sie es genossen.<\/p>\n<p><img class=\"image image-element__image\"   src=\"https:\/\/www.europesays.com\/de\/wp-content\/uploads\/2025\/09\/kulka.jpg\" alt=\"Sara Kulka: Realitystar wurde Opfer eines Liebesbetrugs\" decoding=\"async\" fetchpriority=\"auto\" loading=\"lazy\"\/><br \/>\n<a href=\"https:\/\/image.gala.de\/24451598\/t\/Sl\/v3\/w2048\/r0\/-\/kulka.jpg#instagram.com%2Fsarakulka_\" class=\"image__magnifier\" aria-label=\"Vergr\u00f6\u00dfern\" rel=\"nofollow noopener\" target=\"_blank\"><\/p>\n<p>\u00a9 instagram.com\/sarakulka_<\/p>\n<p class=\"text-element u-richtext u-typo u-typo--article-text article__text-element text-element--context-article\"> &#8222;Fast ein Jahr habe ich geglaubt, endlich das gefunden zu haben, wonach ich mich so lange gesehnt habe. Doch am Ende musste ich erkennen: Alles war eine L\u00fcge&#8220;, f\u00fchrt die 35-J\u00e4hrige weiter aus und erg\u00e4nzt: &#8222;Der Mann, der in mein Leben trat, hatte nichts \u2013 keine Wohnung, keinen Job, keine Wahrheit.&#8220; Selbst bei den grundlegendsten Dingen, wie der Anzahl seiner Kinder, sei er nicht ehrlich gewesen.\u00a0<\/p>\n<blockquote class=\"text-element u-richtext u-typo u-typo--cite text-element--blockquote article__text-element article__text-element--blockquote text-element--context-article\"><p> Ich wurde von vorne bis hinten benutzt.<\/p><\/blockquote>\n<p>Ihr Vertrauen in Menschen ist gebrochen<\/p>\n<p class=\"text-element u-richtext u-typo u-typo--article-text article__text-element text-element--context-article\"> Sie sch\u00e4me sich, so naiv gewesen zu sein. Viel schlimmer sei jedoch, dass Sara Kulkas Vertrauen in Menschen nun &#8222;fast zerbrochen&#8220; sei. &#8222;Ich fragte mich schon fr\u00fcher, ob ich \u00fcberhaupt f\u00e4hig bin, eine Beziehung zu f\u00fchren. Doch nach dieser Erfahrung? Wie soll ich jemals wieder vertrauen?&#8220;<\/p>\n<p class=\"text-element u-richtext u-typo u-typo--article-text article__text-element text-element--context-article\"> Jetzt teilt die &#8222;Villa der Versuchung&#8220;-Teilnehmerin ihre Geschichte, um vor Lovebombing zu warnen. Denn was sich zun\u00e4chst wie ein Traum anf\u00fchlt, entpuppt sich schnell als Albtraum.<\/p>\n<p><a href=\"https:\/\/www.gala.de\/beauty-fashion\/beauty\/happy-birthday--fiona-erdmann--so-hat-sich-das-model-seit--gntm--veraendert-21327152.html\" class=\"teaser__link teaser-multi-picture__link teaser__link--overlay\" rel=\"nofollow noopener\" target=\"_blank\">  <\/p>\n<p>Happy Birthday, Fiona Erdmann!<br \/>\nErinnern Sie sich noch? So sah das Model w\u00e4hrend seiner Zeit bei &#8222;GNTM&#8220; aus <\/p>\n<p>52<br \/>\nBilder  <\/p>\n<p><\/a><\/p>\n<p>&#8222;Ich f\u00fchle mich ohnm\u00e4chtig&#8220;<\/p>\n<p class=\"text-element u-richtext u-typo u-typo--article-text article__text-element text-element--context-article\"> &#8222;ich f\u00fchle mich ohnm\u00e4chtig. [&#8230;] Nichts war echt. Alles war Schein. Es tut weh \u2013 doch noch schwerer wiegt die Scham, dass [&#8230;] ich so blind war f\u00fcr das Offensichtliche&#8220;, merkt Sara Kulka an und f\u00fcgt hinzu: &#8222;Man hat mir eingeredet, ich sei psychisch krank, ich w\u00fcrde mir Dinge nur einbilden.&#8220;<\/p>\n<p><img class=\"image image-element__image\"   src=\"https:\/\/www.europesays.com\/de\/wp-content\/uploads\/2025\/09\/sara-insta.jpg\" alt=\"Sara Kulka: Realitystar wurde Opfer eines Liebesbetrugs\" decoding=\"async\" fetchpriority=\"auto\" loading=\"lazy\"\/><br \/>\n<a href=\"https:\/\/image.gala.de\/24451616\/t\/pX\/v4\/w2048\/r0\/-\/sara-insta.jpg#instagram.com%2Fsarakulka_\" class=\"image__magnifier\" aria-label=\"Vergr\u00f6\u00dfern\" rel=\"nofollow noopener\" target=\"_blank\"><\/p>\n<p>\u00a9 instagram.com\/sarakulka_<\/p>\n<p class=\"text-element u-richtext u-typo u-typo--article-text article__text-element text-element--context-article\"> Erst als die zweifache Mutter alles schwarz auf wei\u00df mit eigenen Augen sah, habe sie die Wahrheit nicht mehr verdr\u00e4ngen k\u00f6nnen. Dabei habe ihr Bauchgef\u00fchl von Anfang an gesagt, dass etwas nicht stimmt. Sara Kulka habe sich dennoch von &#8222;Worten, Ausreden&#8220; sowie einer berauschenden Liebe blenden lassen.<\/p>\n<p class=\"text-element u-richtext u-typo u-typo--article-text article__text-element text-element--context-article\"> Verwendete Quelle: instagram.com<\/p>\n<p>\nsti<br \/>\nGala\n<\/p>\n<p>#Themen<\/p>\n<p><script async src=\"\/\/www.instagram.com\/embed.js\"><\/script><\/p>\n","protected":false},"excerpt":{"rendered":"Sara Kulka Realitystar wurde Opfer eines Liebesbetrugs \u00a9 Tristar Media \/ Getty Images Sara Kulka meldet sich mit&hellip;\n","protected":false},"author":2,"featured_media":418855,"comment_status":"","ping_status":"","sticky":false,"template":"","format":"standard","meta":{"footnotes":""},"categories":[1776],"tags":[1801,29,214,30,1802,215],"class_list":{"0":"post-418854","1":"post","2":"type-post","3":"status-publish","4":"format-standard","5":"has-post-thumbnail","7":"category-prominente","8":"tag-celebrities","9":"tag-deutschland","10":"tag-entertainment","11":"tag-germany","12":"tag-prominente","13":"tag-unterhaltung"},"share_on_mastodon":{"url":"https:\/\/pubeurope.com\/@de\/115195541310960843","error":""},"_links":{"self":[{"href":"https:\/\/www.europesays.com\/de\/wp-json\/wp\/v2\/posts\/418854","targetHints":{"allow":["GET"]}}],"collection":[{"href":"https:\/\/www.europesays.com\/de\/wp-json\/wp\/v2\/posts"}],"about":[{"href":"https:\/\/www.europesays.com\/de\/wp-json\/wp\/v2\/types\/post"}],"author":[{"embeddable":true,"href":"https:\/\/www.europesays.com\/de\/wp-json\/wp\/v2\/users\/2"}],"replies":[{"embeddable":true,"href":"https:\/\/www.europesays.com\/de\/wp-json\/wp\/v2\/comments?post=418854"}],"version-history":[{"count":0,"href":"https:\/\/www.europesays.com\/de\/wp-json\/wp\/v2\/posts\/418854\/revisions"}],"wp:featuredmedia":[{"embeddable":true,"href":"https:\/\/www.europesays.com\/de\/wp-json\/wp\/v2\/media\/418855"}],"wp:attachment":[{"href":"https:\/\/www.europesays.com\/de\/wp-json\/wp\/v2\/media?parent=418854"}],"wp:term":[{"taxonomy":"category","embeddable":true,"href":"https:\/\/www.europesays.com\/de\/wp-json\/wp\/v2\/categories?post=418854"},{"taxonomy":"post_tag","embeddable":true,"href":"https:\/\/www.europesays.com\/de\/wp-json\/wp\/v2\/tags?post=418854"}],"curies":[{"name":"wp","href":"https:\/\/api.w.org\/{rel}","templated":true}]}}