{"id":418866,"date":"2025-09-13T06:26:12","date_gmt":"2025-09-13T06:26:12","guid":{"rendered":"https:\/\/www.europesays.com\/de\/418866\/"},"modified":"2025-09-13T06:26:12","modified_gmt":"2025-09-13T06:26:12","slug":"leichtathletik-wm-geher-spricht-von-suizidgedanken-war-dem-tod-sehr-nahe-sport","status":"publish","type":"post","link":"https:\/\/www.europesays.com\/de\/418866\/","title":{"rendered":"Leichtathletik-WM \u2013\u00a0Geher spricht von Suizidgedanken: \u201eWar dem Tod sehr nahe\u201c | Sport"},"content":{"rendered":"<p><b>Es sind unfassbar ergreifende und mutige Worte!<\/b><\/p>\n<p>Vier Jahre nach seinem gr\u00f6\u00dften sportlichen Erfolg, der olympischen Silbermedaille 2021 in Tokio, steht Jonathan Hilbert wieder auf einer gro\u00dfen B\u00fchne. Bei der <a href=\"https:\/\/www.bild.de\/sport\/mehr-sport\/leichtathletik-wm-2025-zeitplan-tv-deutsche-stars-alle-infos-68b19e8dadc6ba5d53cb0d21\" class=\"text-link\" rel=\"nofollow noopener\" target=\"_blank\">Leichtathletik-WM in Tokio<\/a> erreichte der deutsche Geher \u00fcber 35 Kilometer Platz 16 \u2013 ein Ergebnis, das f\u00fcr ihn weit mehr bedeutet als eine sportliche Platzierung. <\/p>\n<p>Denn Hilbert sprach im Anschluss offen \u00fcber eine dunkle Phase in seinem Leben: Depressionen, den Verlust des Lebenswillens und sogar Suizidgedanken.<\/p>\n<p>Mehr zum Thema<\/p>\n<p><b>Hilbert: \u201eEs sind Tr\u00e4nen der Erleichterung. Das ist keine Selbstverst\u00e4ndlichkeit f\u00fcr mich. Die letzten drei Jahre waren unglaublich dunkel und schwierig und alles andere als leicht. Ich war dem Tod sehr nahe.\u201c Und: \u201eHierherzukommen nach drei Jahren Depressionen, nach Suizidgedanken \u2013 es war mein erster gro\u00dfer Schritt wieder in die richtige Richtung.\u201c<\/b><\/p>\n<p>Nach dem Olympia-Erfolg in Tokio war Hilbert erst in ein sportliches und schlie\u00dflich auch in ein seelisches Loch gefallen. Hilbert: \u201eIch habe mich nur noch als Sportler identifiziert und komplett den Lebenswillen verloren. Ich hatte nichts mehr im Leben, was mich angetrieben hat.\u201c<\/p>\n<p>Dazu kamen immer wieder kleine Verletzungen und Krankheiten. Das f\u00fchrte zu schweren depressiven Episoden. <\/p>\n<p><b>Hilbert: \u201eTeilweise lag ich bis mittags auf der Couch, habe nichts gegessen und einfach nur an die Decke gestarrt.\u201c<\/b><\/p>\n<p>Deutschland spielt um EM-Gold: Der Final-Einzug im Video!<a href=\"https:\/\/www.bild.de\/sport\/mehr-sport\/deutsches-dreier-spektakel-der-final-einzug-im-video-68c4515cf80ab30527731bb6\" class=\"anchor\" rel=\"nofollow noopener\" target=\"_blank\"><img decoding=\"async\" width=\"992\" height=\"558\" alt=\"Teaser-Bild\" src=\"https:\/\/www.europesays.com\/de\/wp-content\/uploads\/2025\/09\/94df75985dead0e0b5ad1c7abf985f3d,bfd66450\"   class=\"landscape teaser__image\" loading=\"lazy\"\/><\/a><\/p>\n<p>Quelle: MagentaSport12.09.2025<\/p>\n<p>Unter seinem neuen Trainer Daniel Fleckenstein k\u00e4mpfte er sich Schritt f\u00fcr Schritt zur\u00fcck. Und auch seine Familie und Verlobte Anna Fischer gaben ihm unfassbaren Halt. Hilbert: \u201eOhne all diese Menschen h\u00e4tte ich das nicht geschafft.\u201c<\/p>\n<p>Hilbert: \u201eEs lohnt sich zu k\u00e4mpfen\u201c<\/p>\n<p>In wenigen Wochen heiratet er seine Anna, gefeiert wird im Kloster Nimbschen bei Leipzig: \u201eAuch das war in den letzten Kilometern im Kopf: jetzt ins Ziel zu kommen und dann ein riesiges Fest mit Familie und Freunden zu feiern.\u201c<\/p>\n<p>Mit bewegenden Worten wandte sich Hilbert an Menschen, die \u00e4hnliche Erfahrungen machen:<\/p>\n<p>\u201eIch kann jedem, der mit Depressionen zu k\u00e4mpfen hat, nur sagen: Es lohnt sich zu k\u00e4mpfen, es lohnt sich dranzubleiben, es lohnt sich, diese tiefen T\u00e4ler zu durchschreiten. Wenn ich das schaffe, dann schaffen das auch andere.\u201c<\/p>\n<p><b>Depressiv? Hier bekommen Sie umgehend Hilfe.<\/b><\/p>\n<p>Wenn Sie selbst depressiv sind, Selbstmordgedanken haben, kontaktieren Sie bitte umgehend die Telefonseelsorge.<\/p>\n<p>Unter der kostenlosen Hotline 0800-111 01 11 oder 0800-111 02 22 erhalten Sie Hilfe von Beratern, die Auswege aus schwierigen Situationen aufzeigen.<\/p>\n","protected":false},"excerpt":{"rendered":"Es sind unfassbar ergreifende und mutige Worte! Vier Jahre nach seinem gr\u00f6\u00dften sportlichen Erfolg, der olympischen Silbermedaille 2021&hellip;\n","protected":false},"author":2,"featured_media":418867,"comment_status":"","ping_status":"","sticky":false,"template":"","format":"standard","meta":{"footnotes":""},"categories":[136],"tags":[880,29,30,7591,87021,33625,265,45,3259],"class_list":{"0":"post-418866","1":"post","2":"type-post","3":"status-publish","4":"format-standard","5":"has-post-thumbnail","7":"category-sport","8":"tag-depression","9":"tag-deutschland","10":"tag-germany","11":"tag-leichtathletik","12":"tag-leichtathletik-wm","13":"tag-psychische-erkrankung","14":"tag-sport","15":"tag-texttospeech","16":"tag-tod"},"share_on_mastodon":{"url":"https:\/\/pubeurope.com\/@de\/115195569234593264","error":""},"_links":{"self":[{"href":"https:\/\/www.europesays.com\/de\/wp-json\/wp\/v2\/posts\/418866","targetHints":{"allow":["GET"]}}],"collection":[{"href":"https:\/\/www.europesays.com\/de\/wp-json\/wp\/v2\/posts"}],"about":[{"href":"https:\/\/www.europesays.com\/de\/wp-json\/wp\/v2\/types\/post"}],"author":[{"embeddable":true,"href":"https:\/\/www.europesays.com\/de\/wp-json\/wp\/v2\/users\/2"}],"replies":[{"embeddable":true,"href":"https:\/\/www.europesays.com\/de\/wp-json\/wp\/v2\/comments?post=418866"}],"version-history":[{"count":0,"href":"https:\/\/www.europesays.com\/de\/wp-json\/wp\/v2\/posts\/418866\/revisions"}],"wp:featuredmedia":[{"embeddable":true,"href":"https:\/\/www.europesays.com\/de\/wp-json\/wp\/v2\/media\/418867"}],"wp:attachment":[{"href":"https:\/\/www.europesays.com\/de\/wp-json\/wp\/v2\/media?parent=418866"}],"wp:term":[{"taxonomy":"category","embeddable":true,"href":"https:\/\/www.europesays.com\/de\/wp-json\/wp\/v2\/categories?post=418866"},{"taxonomy":"post_tag","embeddable":true,"href":"https:\/\/www.europesays.com\/de\/wp-json\/wp\/v2\/tags?post=418866"}],"curies":[{"name":"wp","href":"https:\/\/api.w.org\/{rel}","templated":true}]}}