{"id":418877,"date":"2025-09-13T06:32:20","date_gmt":"2025-09-13T06:32:20","guid":{"rendered":"https:\/\/www.europesays.com\/de\/418877\/"},"modified":"2025-09-13T06:32:20","modified_gmt":"2025-09-13T06:32:20","slug":"fcn-4-nuernberg-pleiten-mit-14-gegentoren-achtung-wildpark-sport","status":"publish","type":"post","link":"https:\/\/www.europesays.com\/de\/418877\/","title":{"rendered":"FCN &#8211; 4 N\u00fcrnberg-Pleiten mit 14 Gegentoren: Achtung Wildpark! | Sport"},"content":{"rendered":"<p><b>Endet alles dort, wo es begonnen hat?<\/b><\/p>\n<p>Im August 2024 gab Miroslav Klose (47) beim Karlsruher SC sein Trainer-Deb\u00fct f\u00fcr den <a href=\"https:\/\/www.bild.de\/sport\/fussball\/1-fc-nuernberg\/startseite-1-fc-nuernberg-31074426.bild.html\" class=\"text-link\" target=\"_blank\" rel=\"noopener\">1. FC N\u00fcrnberg<\/a>. Trotz 2:0-F\u00fchrung verlor der Club noch 2:3.<\/p>\n<p>Es war f\u00fcr die Franken im Wildparkstadion bereits die vierte Pleite mit drei oder mehr Gegentoren in Serie (zuvor 1:4, 0:3 und 1:4). Bei einer weiteren Niederlage in Karlsruhe am Samstag (13 Uhr\/Sky und Live-Ticker auf BILD.de) <a href=\"https:\/\/www.bild.de\/sport\/fussball\/fcn-bei-nuernberg-pleite-in-karlsruhe-keine-job-garantie-fuer-klose-68b80bb40648574ee41a6185\" class=\"text-link\" target=\"_blank\" rel=\"noopener\">muss Klose um seinen Job bangen<\/a>.<\/p>\n<p>Basketball-Star Wagner erkl\u00e4rt: So will Deutschland heute ins Finale!<a href=\"https:\/\/www.bild.de\/sport\/mehr-sport\/basketball-star-wagner-erklaert-so-will-deutschland-heute-ins-finale-68c3ccdb7ecf6b1bfe3e275d\" class=\"anchor\" target=\"_blank\" rel=\"noopener\"><img decoding=\"async\" width=\"992\" height=\"558\" alt=\"Teaser-Bild\" src=\"https:\/\/www.europesays.com\/de\/wp-content\/uploads\/2025\/09\/aa328a1ce6b679ca26d8aea4ac167764-landscape,c0e55e64\"   class=\"landscape teaser__image\" loading=\"lazy\"\/><\/a><\/p>\n<p>Quelle: magentaSport12.09.2025<\/p>\n<p>Der Weltmeister \u00fcber sein Schicksalsspiel gegen die Badener: \u201eDas ist eine abgekl\u00e4rte Mannschaft, die wenige Chancen braucht und gut im Umschalten ist. Wenn ein, zwei gute Aktionen sind, ist das Stadion sofort wieder da. Wir m\u00fcssen dagegenhalten.\u201c<\/p>\n<p>Vor Klose gab&#8217;s in j\u00fcngerer Vergangenheit schon einen anderen FCN-Trainer, bei dem das Wildparkstadion \u00fcber die Zukunft entschieden hat. Nach dem 0:3 im Oktober 2022 war f\u00fcr Robert Klau\u00df (40\/zuletzt Rapid Wien) nach gut zwei Jahren Schluss in N\u00fcrnberg.<\/p>\n<p><b>Geht&#8217;s Klose jetzt wie Klau\u00df oder gelingt ihm die Wildpark-Wende?<\/b><\/p>\n<p>Mehr zum Thema<\/p>\n","protected":false},"excerpt":{"rendered":"Endet alles dort, wo es begonnen hat? Im August 2024 gab Miroslav Klose (47) beim Karlsruher SC sein&hellip;\n","protected":false},"author":2,"featured_media":418878,"comment_status":"","ping_status":"","sticky":false,"template":"","format":"standard","meta":{"footnotes":""},"categories":[5],"tags":[783,621,13,3850,110168,786,14,15,12,1470,45,10,8,9,11,784],"class_list":{"0":"post-418877","1":"post","2":"type-post","3":"status-publish","4":"format-standard","5":"has-post-thumbnail","7":"category-nachrichten","8":"tag-1-fc-nuernberg","9":"tag-2-bundesliga","10":"tag-headlines","11":"tag-karlsruher-sc","12":"tag-klauss-robert","13":"tag-klose-miroslav","14":"tag-nachrichten","15":"tag-news","16":"tag-schlagzeilen","17":"tag-sport-leuchtturm-muenchen","18":"tag-texttospeech","19":"tag-top-news","20":"tag-top-meldungen","21":"tag-topmeldungen","22":"tag-topnews","23":"tag-zweite-bundesliga"},"share_on_mastodon":{"url":"https:\/\/pubeurope.com\/@de\/115195592367711556","error":""},"_links":{"self":[{"href":"https:\/\/www.europesays.com\/de\/wp-json\/wp\/v2\/posts\/418877","targetHints":{"allow":["GET"]}}],"collection":[{"href":"https:\/\/www.europesays.com\/de\/wp-json\/wp\/v2\/posts"}],"about":[{"href":"https:\/\/www.europesays.com\/de\/wp-json\/wp\/v2\/types\/post"}],"author":[{"embeddable":true,"href":"https:\/\/www.europesays.com\/de\/wp-json\/wp\/v2\/users\/2"}],"replies":[{"embeddable":true,"href":"https:\/\/www.europesays.com\/de\/wp-json\/wp\/v2\/comments?post=418877"}],"version-history":[{"count":0,"href":"https:\/\/www.europesays.com\/de\/wp-json\/wp\/v2\/posts\/418877\/revisions"}],"wp:featuredmedia":[{"embeddable":true,"href":"https:\/\/www.europesays.com\/de\/wp-json\/wp\/v2\/media\/418878"}],"wp:attachment":[{"href":"https:\/\/www.europesays.com\/de\/wp-json\/wp\/v2\/media?parent=418877"}],"wp:term":[{"taxonomy":"category","embeddable":true,"href":"https:\/\/www.europesays.com\/de\/wp-json\/wp\/v2\/categories?post=418877"},{"taxonomy":"post_tag","embeddable":true,"href":"https:\/\/www.europesays.com\/de\/wp-json\/wp\/v2\/tags?post=418877"}],"curies":[{"name":"wp","href":"https:\/\/api.w.org\/{rel}","templated":true}]}}