{"id":418879,"date":"2025-09-13T06:33:12","date_gmt":"2025-09-13T06:33:12","guid":{"rendered":"https:\/\/www.europesays.com\/de\/418879\/"},"modified":"2025-09-13T06:33:12","modified_gmt":"2025-09-13T06:33:12","slug":"finanzvermoegen-der-kommunen-sachsen-anhalts-angestiegen","status":"publish","type":"post","link":"https:\/\/www.europesays.com\/de\/418879\/","title":{"rendered":"Finanzverm\u00f6gen der Kommunen Sachsen-Anhalts angestiegen"},"content":{"rendered":"<p><img decoding=\"async\" src=\"https:\/\/www.europesays.com\/de\/wp-content\/uploads\/2025\/07\/sachsenanhalt_geld1-678x381.jpg\" alt=\"\" title=\"sachsenanhalt_geld1\"\/><br \/>\n \u00a9 H@llAnzeiger<\/p>\n<p>Halle. StatLa. Im Jahr 2024 wiesen die kommunalen Kern- und Extrahaushalte des Landes Sachsen-Anhalt ein Finanzverm\u00f6gen von 10,5 Mrd. Euro aus. Dieses gliederte sich in 8,8 Mrd. Euro beim nicht-\u00f6ffentlichen Bereich sowie in 1,7 Mrd. Euro beim \u00f6ffentlichen Bereich. 72,1 % des kommunalen Finanzverm\u00f6gens befanden sich in den Kernhaushalten, 27,9 % in den Extrahaushalten. Das kommunale Finanzverm\u00f6gen ist im Vergleich zum Vorjahr bei den Kernhaushalten um 7,8 % und bei den Extrahaushalten um 4,7 % gestiegen.<\/p>\n<p>Wie das Statistische Landesamt nach dem Ergebnis der Finanzverm\u00f6genstatistik mitteilt, betrug 2023 das kommunale Finanzverm\u00f6gen 9,9 Mrd. Euro und stieg 2024 um 0,7 Mrd. Euro bzw. 6,9 %.<\/p>\n<p>Die Anteilsrechte stellten mit 7,4 Mrd. Euro (70,6 %) den h\u00f6chsten Anteil des kommunalen Finanzverm\u00f6gens. An 2. Stelle folgten Bargeld und Einlagen mit zusammen 1,5 Mrd. Euro bzw. 13,8 %. Davon befanden sich 1,2 Mrd. Euro (79,2 %) in den Kernhaushalten und 0,3 Mrd. Euro (20,8 %) in den Extrahaushalten.<\/p>\n<p>Seit 10 Jahren steigen die vorhandenen Betr\u00e4ge an Bargeld und Einlagen kontinuierlich. 2014 betrug der Bestand noch 0,5 Mrd. Euro.<\/p>\n<p>Auf kommunaler Ebene stieg 2024 das Finanzverm\u00f6gen der Kernhaushalte der Gemeinden und Gemeindeverb\u00e4nde um 267,63 Euro je Einwohnerin bzw. Einwohner von 3.287,60 Euro in 2023 auf 3.555,23 Euro in 2024.<\/p>\n<p>Die Kernhaushalte der kreisangeh\u00f6rigen Gemeinden und Verbandsgemeinden besa\u00dfen 2024 ein Finanzverm\u00f6gen von 4,3 Mrd. Euro. Damit stellten diese Einheiten mehr als die H\u00e4lfte des kommunalen Finanzverm\u00f6gens (56,8 %) der Kernhaushalte in Sachsen-Anhalt. Das Finanzverm\u00f6gen der kreisfreien St\u00e4dte betrug 2,6 Mrd. Euro (33,8 %) und das der Landkreise 0,7 Mrd. Euro.<\/p>\n<p>Extrahaushalte umfassen alle \u00f6ffentlichen Fonds, Einrichtungen und Unternehmen, die im Sinne des ESVG 2010 zum Sektor Staat z\u00e4hlen. Als Finanzverm\u00f6gen im \u00f6ffentlichen Bereich gilt das Finanzverm\u00f6gen beim Bund, bei L\u00e4ndern, Gemeinden und Gemeindeverb\u00e4nden, Zweckverb\u00e4nden, der Sozialversicherung, verbundenen Unternehmen, Beteiligungen und Sonderverm\u00f6gen sowie sonstigen \u00f6ffentlichen Sonderrechnungen. Das Finanzverm\u00f6gen bei Kreditinstituten, beim sonstigen inl\u00e4ndischen Bereich sowie sonstigen ausl\u00e4ndischen Bereich wird als Finanzverm\u00f6gen des nicht-\u00f6ffentlichen Bereichs bezeichnet.<\/p>\n","protected":false},"excerpt":{"rendered":"\u00a9 H@llAnzeiger Halle. StatLa. Im Jahr 2024 wiesen die kommunalen Kern- und Extrahaushalte des Landes Sachsen-Anhalt ein Finanzverm\u00f6gen&hellip;\n","protected":false},"author":2,"featured_media":253817,"comment_status":"","ping_status":"","sticky":false,"template":"","format":"standard","meta":{"footnotes":""},"categories":[1860],"tags":[3364,29,548,663,3934,30,4062,17332,13,14,15,17331,860,12],"class_list":{"0":"post-418879","1":"post","2":"type-post","3":"status-publish","4":"format-standard","5":"has-post-thumbnail","7":"category-halle-saale","8":"tag-de","9":"tag-deutschland","10":"tag-eu","11":"tag-europa","12":"tag-europe","13":"tag-germany","14":"tag-halle","15":"tag-halle-saale","16":"tag-headlines","17":"tag-nachrichten","18":"tag-news","19":"tag-saale","20":"tag-sachsen-anhalt","21":"tag-schlagzeilen"},"share_on_mastodon":{"url":"https:\/\/pubeurope.com\/@de\/115195596132052976","error":""},"_links":{"self":[{"href":"https:\/\/www.europesays.com\/de\/wp-json\/wp\/v2\/posts\/418879","targetHints":{"allow":["GET"]}}],"collection":[{"href":"https:\/\/www.europesays.com\/de\/wp-json\/wp\/v2\/posts"}],"about":[{"href":"https:\/\/www.europesays.com\/de\/wp-json\/wp\/v2\/types\/post"}],"author":[{"embeddable":true,"href":"https:\/\/www.europesays.com\/de\/wp-json\/wp\/v2\/users\/2"}],"replies":[{"embeddable":true,"href":"https:\/\/www.europesays.com\/de\/wp-json\/wp\/v2\/comments?post=418879"}],"version-history":[{"count":0,"href":"https:\/\/www.europesays.com\/de\/wp-json\/wp\/v2\/posts\/418879\/revisions"}],"wp:featuredmedia":[{"embeddable":true,"href":"https:\/\/www.europesays.com\/de\/wp-json\/wp\/v2\/media\/253817"}],"wp:attachment":[{"href":"https:\/\/www.europesays.com\/de\/wp-json\/wp\/v2\/media?parent=418879"}],"wp:term":[{"taxonomy":"category","embeddable":true,"href":"https:\/\/www.europesays.com\/de\/wp-json\/wp\/v2\/categories?post=418879"},{"taxonomy":"post_tag","embeddable":true,"href":"https:\/\/www.europesays.com\/de\/wp-json\/wp\/v2\/tags?post=418879"}],"curies":[{"name":"wp","href":"https:\/\/api.w.org\/{rel}","templated":true}]}}