{"id":419411,"date":"2025-09-13T11:28:12","date_gmt":"2025-09-13T11:28:12","guid":{"rendered":"https:\/\/www.europesays.com\/de\/419411\/"},"modified":"2025-09-13T11:28:12","modified_gmt":"2025-09-13T11:28:12","slug":"tausende-befreien-den-rhein-von-muell","status":"publish","type":"post","link":"https:\/\/www.europesays.com\/de\/419411\/","title":{"rendered":"Tausende befreien den Rhein von M\u00fcll"},"content":{"rendered":"<p class=\"text_ohne_einzug richtext text-em-55 !leading-serif mx-6 desktop:mx-0\">Kronkorken, Plastikteile, Zigarettenstummel: Wer am <a href=\"https:\/\/rp-online.de\/thema\/rhein\/\" rel=\"nofollow noopener\" target=\"_blank\">Rhein<\/a> in D\u00fcsseldorf genau hinschaut, entdeckt vieles, was dort nicht hingeh\u00f6rt. Um den Fluss und seine Ufer vom M\u00fcll zu befreien, gibt es seit 2018 die Initiative Rhine-Clean-Up, gegr\u00fcndet in D\u00fcsseldorf, inzwischen aber bundesweit aktiv. F\u00fcr Samstag, 13. September, haben sie wieder zum gemeinschaftlichen M\u00fcllsammeln aufgerufen \u2013 und Tausende D\u00fcsseldorfer machen mit: Vereine, Gruppen, Familien, Einzelpersonen.<\/p>\n","protected":false},"excerpt":{"rendered":"Kronkorken, Plastikteile, Zigarettenstummel: Wer am Rhein in D\u00fcsseldorf genau hinschaut, entdeckt vieles, was dort nicht hingeh\u00f6rt. Um den&hellip;\n","protected":false},"author":2,"featured_media":419412,"comment_status":"","ping_status":"","sticky":false,"template":"","format":"standard","meta":{"footnotes":""},"categories":[1831],"tags":[21985,110241,27691,3364,29,3405,81877,30,4103,1209,5206,110239,110240,7195],"class_list":{"0":"post-419411","1":"post","2":"type-post","3":"status-publish","4":"format-standard","5":"has-post-thumbnail","7":"category-duesseldorf","8":"tag-aktionstag","9":"tag-befreien","10":"tag-clean","11":"tag-de","12":"tag-deutschland","13":"tag-duesseldorf","14":"tag-freiwilligen","15":"tag-germany","16":"tag-muell","17":"tag-nordrhein-westfalen","18":"tag-rhein","19":"tag-rhine","20":"tag-tausenden","21":"tag-vereine"},"share_on_mastodon":{"url":"https:\/\/pubeurope.com\/@de\/115196756399071620","error":""},"_links":{"self":[{"href":"https:\/\/www.europesays.com\/de\/wp-json\/wp\/v2\/posts\/419411","targetHints":{"allow":["GET"]}}],"collection":[{"href":"https:\/\/www.europesays.com\/de\/wp-json\/wp\/v2\/posts"}],"about":[{"href":"https:\/\/www.europesays.com\/de\/wp-json\/wp\/v2\/types\/post"}],"author":[{"embeddable":true,"href":"https:\/\/www.europesays.com\/de\/wp-json\/wp\/v2\/users\/2"}],"replies":[{"embeddable":true,"href":"https:\/\/www.europesays.com\/de\/wp-json\/wp\/v2\/comments?post=419411"}],"version-history":[{"count":0,"href":"https:\/\/www.europesays.com\/de\/wp-json\/wp\/v2\/posts\/419411\/revisions"}],"wp:featuredmedia":[{"embeddable":true,"href":"https:\/\/www.europesays.com\/de\/wp-json\/wp\/v2\/media\/419412"}],"wp:attachment":[{"href":"https:\/\/www.europesays.com\/de\/wp-json\/wp\/v2\/media?parent=419411"}],"wp:term":[{"taxonomy":"category","embeddable":true,"href":"https:\/\/www.europesays.com\/de\/wp-json\/wp\/v2\/categories?post=419411"},{"taxonomy":"post_tag","embeddable":true,"href":"https:\/\/www.europesays.com\/de\/wp-json\/wp\/v2\/tags?post=419411"}],"curies":[{"name":"wp","href":"https:\/\/api.w.org\/{rel}","templated":true}]}}