{"id":419520,"date":"2025-09-13T12:30:13","date_gmt":"2025-09-13T12:30:13","guid":{"rendered":"https:\/\/www.europesays.com\/de\/419520\/"},"modified":"2025-09-13T12:30:13","modified_gmt":"2025-09-13T12:30:13","slug":"mehrere-granaten-in-bahntrasse-gefunden","status":"publish","type":"post","link":"https:\/\/www.europesays.com\/de\/419520\/","title":{"rendered":"Mehrere Granaten in Bahntrasse gefunden"},"content":{"rendered":"<p class=\"text_ohne_einzug richtext text-em-55 !leading-serif mx-6 desktop:mx-0\">Am Samstagmittag gegen 11.30 Uhr wurden bei Bauarbeiten an der Bahntrasse in der N\u00e4he des SWB Betriebshof in Beuel gleich mehrere Weltkriegsgranaten gefunden. Der Betriebshof musste evakuiert werden. Wie ein Sprecher des Ordnungsamts vor Ort mitteilte, sei eine der Granaten, die auf H\u00f6he der Stra\u00dfe auf dem Grendt  gefunden wurden, besch\u00e4digt. Die Stra\u00dfe ist aus Sicherheitsgr\u00fcnden gesperrt.<\/p>\n","protected":false},"excerpt":{"rendered":"Am Samstagmittag gegen 11.30 Uhr wurden bei Bauarbeiten an der Bahntrasse in der N\u00e4he des SWB Betriebshof in&hellip;\n","protected":false},"author":2,"featured_media":419521,"comment_status":"","ping_status":"","sticky":false,"template":"","format":"standard","meta":{"footnotes":""},"categories":[1842],"tags":[1741,3364,29,30,1209],"class_list":{"0":"post-419520","1":"post","2":"type-post","3":"status-publish","4":"format-standard","5":"has-post-thumbnail","7":"category-bonn","8":"tag-bonn","9":"tag-de","10":"tag-deutschland","11":"tag-germany","12":"tag-nordrhein-westfalen"},"share_on_mastodon":{"url":"","error":""},"_links":{"self":[{"href":"https:\/\/www.europesays.com\/de\/wp-json\/wp\/v2\/posts\/419520","targetHints":{"allow":["GET"]}}],"collection":[{"href":"https:\/\/www.europesays.com\/de\/wp-json\/wp\/v2\/posts"}],"about":[{"href":"https:\/\/www.europesays.com\/de\/wp-json\/wp\/v2\/types\/post"}],"author":[{"embeddable":true,"href":"https:\/\/www.europesays.com\/de\/wp-json\/wp\/v2\/users\/2"}],"replies":[{"embeddable":true,"href":"https:\/\/www.europesays.com\/de\/wp-json\/wp\/v2\/comments?post=419520"}],"version-history":[{"count":0,"href":"https:\/\/www.europesays.com\/de\/wp-json\/wp\/v2\/posts\/419520\/revisions"}],"wp:featuredmedia":[{"embeddable":true,"href":"https:\/\/www.europesays.com\/de\/wp-json\/wp\/v2\/media\/419521"}],"wp:attachment":[{"href":"https:\/\/www.europesays.com\/de\/wp-json\/wp\/v2\/media?parent=419520"}],"wp:term":[{"taxonomy":"category","embeddable":true,"href":"https:\/\/www.europesays.com\/de\/wp-json\/wp\/v2\/categories?post=419520"},{"taxonomy":"post_tag","embeddable":true,"href":"https:\/\/www.europesays.com\/de\/wp-json\/wp\/v2\/tags?post=419520"}],"curies":[{"name":"wp","href":"https:\/\/api.w.org\/{rel}","templated":true}]}}