{"id":419525,"date":"2025-09-13T12:33:16","date_gmt":"2025-09-13T12:33:16","guid":{"rendered":"https:\/\/www.europesays.com\/de\/419525\/"},"modified":"2025-09-13T12:33:16","modified_gmt":"2025-09-13T12:33:16","slug":"erfolgreiche-davis-cup-premiere-fuer-nuernberger-justin-engel","status":"publish","type":"post","link":"https:\/\/www.europesays.com\/de\/419525\/","title":{"rendered":"Erfolgreiche Davis-Cup-Premiere f\u00fcr N\u00fcrnberger Justin Engel"},"content":{"rendered":"<p>Das Topdoppel Kevin Krawietz und Tim P\u00fctz sorgte am Samstag in Japan mit seinem Erfolg zum 3:0 f\u00fcr die Entscheidung. Das Duo aus Coburg und Frankfurt am Main setzte sich in Tokio sicher mit 6:3, 7:6 (7:4) gegen Yosuke Watanuki\/Takeru Yuzuki durch. Am Samstag durfte dann erstmals der N\u00fcrnberger Justin Engel zum Einsatz. Damit stieg er zum j\u00fcngsten deutschen Davis-Cup-Spieler seit Boris Becker auf.<\/p>\n<p>Justin Engel: Perfekter Einstand nach Sieg im Match-Tiebreak<\/p>\n<p>Justin Engel, der am 1. Oktober 18 Jahre alt wird, trat am Samstag zum Einzel gegen Rei Sakamoto an. Und es wurde eine perfekte Premiere: Der N\u00fcrnberger siegte nach einem couragierten Auftritt im Match-Tiebreak mit 10:7. Nach zwei S\u00e4tzen hatte es 6:3, 6:7 (2:7) gestanden. Vor dem f\u00fcr den Ausgang des Duells unbedeutenden Matches war festgelegt worden, dass kein dritter Satz gespielt wird.<\/p>\n<blockquote><p>&#8222;Es ist eines der besten Gef\u00fchle. Das Publikum war unglaublich. Es hat so viel Spa\u00df gemacht.&#8220; Justin Engel<\/p><\/blockquote>\n<p>Coburger Krawietz sorgt im Doppel f\u00fcr die Entscheidung<\/p>\n<p>F\u00fcr die Entscheidung im Duell mit Japan hatte zuvor das Erfolgsdoppel Krawietz\/P\u00fctz gesorgt. Elf Punkte in Folge brachten sie am Ende des engen zweiten Durchgangs auf die Siegerstra\u00dfe. Beim Stand von 0:40 bei eigenem Aufschlag wehrte das deutsche Duo zun\u00e4chst drei Satzb\u00e4lle ab, ehe wenig sp\u00e4ter im Tiebreak der f\u00fcnfte Matchball die Partie entschied.<\/p>\n<p>&#8222;Der Schl\u00fcssel war, tough zu bleiben. Wir haben in den Einzeln schon gesehen, dass es enge Matches waren. Wir haben einen guten Tiebreak gespielt, das war der Schl\u00fcssel&#8220;, sagte Krawietz. P\u00fctz erg\u00e4nzte erleichtert: &#8222;Wir sind sehr gl\u00fccklich, in Bologna dabei zu sein.&#8220;<\/p>\n<p>Struff und Kohlmann legen Grundstein f\u00fcrs Weiterkommen<\/p>\n<p>Schon am Freitag hatte die Auswahl von Teamchef Michael Kohlmann mit zwei Einzelsiegen klar Kurs auf das Final 8 in Italien vom 18. bis 23. November genommen. Jan-Lennard Struff (Warstein) hatte mit einem 6:4, 6:7 (4:7), 6:4 gegen den fr\u00fcheren Weltranglisten-24. Yoshihito Nishioka vorgelegt. Der Karlsruher Yannick Hanfmann sorgte mit einem 6:3, 6:3-Sieg gegen Shintaro Mochizuki, die Nummer eins der Gastgeber, f\u00fcr eine komfortable F\u00fchrung nach dem ersten Tag.<\/p>\n<p>Alexander Zverev fehlt in Japan<\/p>\n<p>Die deutsche Mannschaft musste in der 2. Qualifikationsrunde erneut ohne Alexander Zverev auskommen, der dem Davis Cup nur noch selten Platz in seinem Terminkalender einr\u00e4umt. Auch ohne Zverev erreichte das deutsche Team im vergangenen Jahr das Halbfinale. Nun sei das Ziel, sagte Kohlmann mit Blick auf Bologna, &#8222;einen Schritt weiter zu kommen&#8220;.<\/p>\n","protected":false},"excerpt":{"rendered":"Das Topdoppel Kevin Krawietz und Tim P\u00fctz sorgte am Samstag in Japan mit seinem Erfolg zum 3:0 f\u00fcr&hellip;\n","protected":false},"author":2,"featured_media":419526,"comment_status":"","ping_status":"","sticky":false,"template":"","format":"standard","meta":{"footnotes":""},"categories":[1837],"tags":[772,16494,3364,29,30,20031,110293,4156,3783,4206],"class_list":{"0":"post-419525","1":"post","2":"type-post","3":"status-publish","4":"format-standard","5":"has-post-thumbnail","7":"category-nuernberg","8":"tag-bayern","9":"tag-davis-cup","10":"tag-de","11":"tag-deutschland","12":"tag-germany","13":"tag-justin-engel","14":"tag-kevin-krawietz","15":"tag-mittelfranken","16":"tag-nuernberg","17":"tag-tennis"},"share_on_mastodon":{"url":"","error":""},"_links":{"self":[{"href":"https:\/\/www.europesays.com\/de\/wp-json\/wp\/v2\/posts\/419525","targetHints":{"allow":["GET"]}}],"collection":[{"href":"https:\/\/www.europesays.com\/de\/wp-json\/wp\/v2\/posts"}],"about":[{"href":"https:\/\/www.europesays.com\/de\/wp-json\/wp\/v2\/types\/post"}],"author":[{"embeddable":true,"href":"https:\/\/www.europesays.com\/de\/wp-json\/wp\/v2\/users\/2"}],"replies":[{"embeddable":true,"href":"https:\/\/www.europesays.com\/de\/wp-json\/wp\/v2\/comments?post=419525"}],"version-history":[{"count":0,"href":"https:\/\/www.europesays.com\/de\/wp-json\/wp\/v2\/posts\/419525\/revisions"}],"wp:featuredmedia":[{"embeddable":true,"href":"https:\/\/www.europesays.com\/de\/wp-json\/wp\/v2\/media\/419526"}],"wp:attachment":[{"href":"https:\/\/www.europesays.com\/de\/wp-json\/wp\/v2\/media?parent=419525"}],"wp:term":[{"taxonomy":"category","embeddable":true,"href":"https:\/\/www.europesays.com\/de\/wp-json\/wp\/v2\/categories?post=419525"},{"taxonomy":"post_tag","embeddable":true,"href":"https:\/\/www.europesays.com\/de\/wp-json\/wp\/v2\/tags?post=419525"}],"curies":[{"name":"wp","href":"https:\/\/api.w.org\/{rel}","templated":true}]}}