{"id":419527,"date":"2025-09-13T12:34:13","date_gmt":"2025-09-13T12:34:13","guid":{"rendered":"https:\/\/www.europesays.com\/de\/419527\/"},"modified":"2025-09-13T12:34:13","modified_gmt":"2025-09-13T12:34:13","slug":"frauenfussball-bundesliga-dreierpack-von-desic-werders-fussballerinnen-jubeln-in-nuernberg","status":"publish","type":"post","link":"https:\/\/www.europesays.com\/de\/419527\/","title":{"rendered":"Frauenfu\u00dfball-Bundesliga: Dreierpack von Desic: Werders Fu\u00dfballerinnen jubeln in N\u00fcrnberg"},"content":{"rendered":"<p class=\"metatextline\">Stand: 13.09.2025 14:31 Uhr<\/p>\n<p class=\"textabsatz columns twelve  m-ten  m-offset-one l-eight l-offset-two\">\n        <strong>Das Bremer Team hat im zweiten Spiel den ersten Saisonsieg eingefahren \u2013 dank dreier Tore von Medina Desic. Die St\u00fcrmerin traf gegen ihren Ex-Klub drei Mal beim 4:1-Sieg.<\/strong>\n    <\/p>\n<p class=\"textabsatz m-ten m-offset-one l-eight l-offset-two columns twelve\">Bei ersten Spiel der neuen Bundesliga-Saison war den Bremerinnen gegen den SC Freiburg noch ein bisschen die Nervosit\u00e4t anzumerken gewesen. Und obwohl sich Werders Fu\u00dfballerinnen dort nach R\u00fcckstand noch ein 1:1 zum Auftakt erk\u00e4mpften, forderte die neue Trainerin Friederike &#8222;Fritzy&#8220; Kromp &#8222;eine gewisse Steigerung&#8220; von ihrer Mannschaft \u2013 und bekam sie mit dem souver\u00e4nen 4:1-Sieg gegen die Aufsteigerinnen aus N\u00fcrnberg.<\/p>\n<p class=\"textabsatz m-ten m-offset-one l-eight l-offset-two columns twelve\">Die Bremerinnen waren zur Mittagszeit hellwach in die Partie gestartet und durften schon nach 53 Sekunden das 1:0 durch Medina Desic bejubeln. Die ehemalige N\u00fcrnberger St\u00fcrmerin f\u00fcgte ihrem Ex-Klub einen ordentlichen D\u00e4mpfer zu Beginn der Partie zu. Keine zwei Minuten nach der Halbzeitpause machte Desic ihren Doppelpack f\u00fcr Werder perfekt. In der Nachspielzeit wurde sogar ein Dreierpack daraus \u2013 besser ging es kaum.<\/p>\n<p>    Nur Ex-N\u00fcrnbergerinnen treffen<\/p>\n<p class=\"absatzbild__info__text\">\n                        Trost f\u00fcr die verletzte Tuana Mahmoud: Werders Fu\u00dfballerinnen widmen ihre Torjubel in N\u00fcrnberg allsamt ihrer Mitspielerin.\n                    <\/p>\n<p class=\"textabsatz m-ten m-offset-one l-eight l-offset-two columns twelve\">Desic erzielte das 1:0, 3:0 und 4:1, dazwischen war es in der 12. Minute mit Amira Arfaoui eine weitere ehemalige N\u00fcrnbergerin, die ihrem Ex-Klub diesen Samstag mit dem 2:0 gr\u00fcndlich vermieste. Doch auch bei den Bremerinnen war die Freude \u00fcber die Treffer ein wenig getr\u00fcbt, denn die Offensivspielerin Tuana Mahmoud hatte sich beim Abschlusstraining ernsthafter verletzt und so hielten ihre Mitspielerinnen bei allen vier Torjublern ihr Trikot mit der Nummer zehn in die H\u00f6he.<\/p>\n<p class=\"textabsatz m-ten m-offset-one l-eight l-offset-two columns twelve\">Auf zwei Lattentreffer brachten es die N\u00fcrnbergerinnen, das Gl\u00fcck war an diesem Tag nicht auf ihrer Seite. Und der Leistungsunterschied zwischen ihnen und Werder war \u00fcber weite Strecken der Partie doch sichtbar. Dennoch gab es f\u00fcr die Aufsteigerinnen in der 90. Minute durch Nastassja Lein den Ehrentreffer. Insgesamt war es von den Bremerinnen die Steigerung, die sich Trainerin Kromp erhofft hatte. Zur Belohnung gab es \u2013 zumindest f\u00fcr ein paar Stunden \u2013 die Tabellenf\u00fchrung f\u00fcr Werder.<\/p>\n<p>    Mehr zum Frauen-Fu\u00dfball:<\/p>\n<p class=\"textabsatz m-ten m-offset-one l-eight l-offset-two columns twelve\"><strong>Dieses Thema im Programm:<\/strong><br \/>Bremen Eins, Nachrichten, 13. September 2025, 15 Uhr<\/p>\n<p>                                        <a class=\"backlink__link\" href=\"https:\/\/www.butenunbinnen.de\/sport\/frauenfussball-bundesliga-werder-nuernberg-100.html\" target=\"_blank\" rel=\"noopener\"><\/p>\n<p>                                                <img decoding=\"async\" src=\"https:\/\/images.sportschau.de\/image\/b9640179-3056-4471-a640-2008b689a5bb\/AAABlap_las\/AAABmKJi16M\/original\/lra-rb-logo-100.svg\" alt=\"Radio Bremen\"\/><\/p>\n<p>                                        <\/a><\/p>\n","protected":false},"excerpt":{"rendered":"Stand: 13.09.2025 14:31 Uhr Das Bremer Team hat im zweiten Spiel den ersten Saisonsieg eingefahren \u2013 dank dreier&hellip;\n","protected":false},"author":2,"featured_media":419528,"comment_status":"","ping_status":"","sticky":false,"template":"","format":"standard","meta":{"footnotes":""},"categories":[1837],"tags":[783,772,3364,29,12014,30,3783,537],"class_list":{"0":"post-419527","1":"post","2":"type-post","3":"status-publish","4":"format-standard","5":"has-post-thumbnail","7":"category-nuernberg","8":"tag-1-fc-nuernberg","9":"tag-bayern","10":"tag-de","11":"tag-deutschland","12":"tag-frauen-bundesliga","13":"tag-germany","14":"tag-nuernberg","15":"tag-werder-bremen"},"share_on_mastodon":{"url":"https:\/\/pubeurope.com\/@de\/115197016254592412","error":""},"_links":{"self":[{"href":"https:\/\/www.europesays.com\/de\/wp-json\/wp\/v2\/posts\/419527","targetHints":{"allow":["GET"]}}],"collection":[{"href":"https:\/\/www.europesays.com\/de\/wp-json\/wp\/v2\/posts"}],"about":[{"href":"https:\/\/www.europesays.com\/de\/wp-json\/wp\/v2\/types\/post"}],"author":[{"embeddable":true,"href":"https:\/\/www.europesays.com\/de\/wp-json\/wp\/v2\/users\/2"}],"replies":[{"embeddable":true,"href":"https:\/\/www.europesays.com\/de\/wp-json\/wp\/v2\/comments?post=419527"}],"version-history":[{"count":0,"href":"https:\/\/www.europesays.com\/de\/wp-json\/wp\/v2\/posts\/419527\/revisions"}],"wp:featuredmedia":[{"embeddable":true,"href":"https:\/\/www.europesays.com\/de\/wp-json\/wp\/v2\/media\/419528"}],"wp:attachment":[{"href":"https:\/\/www.europesays.com\/de\/wp-json\/wp\/v2\/media?parent=419527"}],"wp:term":[{"taxonomy":"category","embeddable":true,"href":"https:\/\/www.europesays.com\/de\/wp-json\/wp\/v2\/categories?post=419527"},{"taxonomy":"post_tag","embeddable":true,"href":"https:\/\/www.europesays.com\/de\/wp-json\/wp\/v2\/tags?post=419527"}],"curies":[{"name":"wp","href":"https:\/\/api.w.org\/{rel}","templated":true}]}}