{"id":419590,"date":"2025-09-13T13:07:14","date_gmt":"2025-09-13T13:07:14","guid":{"rendered":"https:\/\/www.europesays.com\/de\/419590\/"},"modified":"2025-09-13T13:07:14","modified_gmt":"2025-09-13T13:07:14","slug":"lesen-statt-absitzen-usbekistan-verkuerzt-haftstrafen-fuer-gefangene-wenn-sie-bestimmte-buecher-lesen","status":"publish","type":"post","link":"https:\/\/www.europesays.com\/de\/419590\/","title":{"rendered":"Lesen statt Absitzen: Usbekistan verk\u00fcrzt Haftstrafen f\u00fcr Gefangene, wenn sie bestimmte B\u00fccher lesen"},"content":{"rendered":"<p>\n  Von&amp;nbsp<b>Sarvinoz Ibrokhimova<\/b>\n<\/p>\n<p>\n         Zuerst ver\u00f6ffentlicht am<br \/>\n            13\/09\/2025 &#8211; 13:00 MESZ\n            <\/p>\n<p>          <img decoding=\"async\" class=\"c-ad__placeholder__logo\" src=\"https:\/\/static.euronews.com\/website\/images\/logos\/logo-euronews-stacked-outlined-72x72-grey-9.svg\" width=\"72\" height=\"72\" alt=\"\" loading=\"lazy\"\/><br \/>\n          WERBUNG<\/p>\n<p>Als Ernest Hemingway &#8222;Der alte Mann und das Meer&#8220; schrieb, h\u00e4tte er sich wahrscheinlich nie vorstellen k\u00f6nnen, dass sein Buch eines Tages dazu dienen w\u00fcrde, einem H\u00e4ftling drei Tage seiner Gef\u00e4ngnisstrafe zu ersparen.<\/p>\n<p>Doch genau das ist jetzt in Usbekistan m\u00f6glich: Dort kann ein H\u00e4ftling seine Strafe verk\u00fcrzen, wenn er einem speziellen Ausschuss nachweist, dass er das weltber\u00fchmte Buch gelesen hat.<\/p>\n<p>Der Senat des Landes hat k\u00fcrzlich ein entsprechendes Gesetz verabschiedet. Allerdings gibt es bestimmte Regeln: F\u00fcr jedes zugelassene Buch, das ein H\u00e4ftling zu Ende liest, kann er seine Strafe um drei Tage verk\u00fcrzen, maximal jedoch um 30 Tage pro Jahr.<\/p>\n<p>Die Ma\u00dfnahme gilt nicht f\u00fcr Gefangene, die eine lebenslange Haftstrafe verb\u00fc\u00dfen. Nach offiziellen Angaben k\u00f6nnten jedoch landesweit mehr als 13 500 H\u00e4ftlinge davon betroffen sein.<\/p>\n<p><strong>&#8222;Wir haben Brasilien und Italien studiert&#8220;<\/strong><\/p>\n<p>Shakhrizod Shokirov, ein Beamter des usbekischen Innenministeriums, erkl\u00e4rte gegen\u00fcber Euronews, dass sich das Land vor der Verabschiedung der Reform an internationalen Praktiken orientiert habe.<\/p>\n<p>&#8222;In Brasilien k\u00f6nnen H\u00e4ftlinge seit 2012 ihre Strafe f\u00fcr jedes gelesene Buch um vier Tage reduzieren &#8211; bis zu 48 Tage pro Jahr. \u00c4hnliche Ma\u00dfnahmen gibt es in Italien und Bolivien. Usbekistan hat diese Ergebnisse studiert und beschlossen, diese Praxis an unser Rechtssystem anzupassen&#8220;, sagte er.<\/p>\n<p>Das System wird von einer speziellen Kommission \u00fcberwacht. Nach der Lekt\u00fcre eines Buches legen die H\u00e4ftlinge eine Pr\u00fcfung ab, um nachzuweisen, dass sie den Inhalt verstanden haben. Der Kommission werden Vertreter der lokalen R\u00e4te, der Zivilgesellschaft, der Selbstverwaltungsorgane und der Gef\u00e4ngnisverwaltungen angeh\u00f6ren. Nur wer die Pr\u00fcfung besteht, kommt f\u00fcr eine Strafminderung in Frage.<\/p>\n<p><strong>Was steht auf der Liste der Pflichtlekt\u00fcre?<\/strong><\/p>\n<p>Begmat Ochilov, ein Spezialist des republikanischen Zentrums f\u00fcr Spiritualit\u00e4t und Bildung, erkl\u00e4rte gegen\u00fcber Euronews, dass die B\u00fccherliste so gestaltet wurde, dass sie ein breites Spektrum an Bereichen abdeckt.<\/p>\n<p>&#8222;Das Lesen erm\u00f6glicht es den Gefangenen, \u00fcber sich selbst nachzudenken und andere zu verstehen. Dies hat eine direkte Auswirkung auf ihre moralische Erziehung und hilft, zuk\u00fcnftige Straftaten zu verhindern&#8220;, sagte er.<\/p>\n<p>Die offizielle Liste umfasst sowohl usbekische Werke als auch internationale Literaturklassiker:<\/p>\n<ul>\n<li>Ernest Hemingway &#8211; Der alte Mann und das Meer<\/li>\n<li>Karl von Clausewitz &#8211; \u00dcber den Krieg<\/li>\n<li>Theodore Dreiser &#8211; Eine amerikanische Trag\u00f6die<\/li>\n<li>Erich Maria Remarque &#8211; Drei Kameraden<\/li>\n<li>Ray Bradbury &#8211; Fahrenheit 451<\/li>\n<li>Franz Kafka &#8211; Der Prozess<\/li>\n<li>Jack London &#8211; Martin Eden<\/li>\n<li>Abdulla Qodiriy &#8211; O&#8217;tkan kunlar<\/li>\n<li>Die Entwicklungsstrategie des neuen Usbekistan<\/li>\n<li>Das Buch der Anf\u00fchrer<\/li>\n<\/ul>\n<p><strong>Reaktionen in Usbekistan<\/strong><\/p>\n<p>Juristen und Bildungsexperten in Usbekistan haben die Ma\u00dfnahme im Gro\u00dfen und Ganzen begr\u00fc\u00dft. Begmat Ochilov sagte Euronews, das Gesetz k\u00f6nne Gefangene dazu motivieren, &#8222;ihre Zeit mit Lernen statt mit M\u00fc\u00dfiggang zu verbringen&#8220;.<\/p>\n<p>Beamte sagen, das Gesetz spiegele einen Wandel in Usbekistans Justizsystem hin zu Rehabilitation und Bildung wider. Sie betonen aber auch, dass die konsequente Umsetzung der Schl\u00fcssel zum Erfolg sein wird.<\/p>\n","protected":false},"excerpt":{"rendered":"Von&amp;nbspSarvinoz Ibrokhimova Zuerst ver\u00f6ffentlicht am 13\/09\/2025 &#8211; 13:00 MESZ WERBUNG Als Ernest Hemingway &#8222;Der alte Mann und das&hellip;\n","protected":false},"author":2,"featured_media":419591,"comment_status":"","ping_status":"","sticky":false,"template":"","format":"standard","meta":{"footnotes":""},"categories":[1774],"tags":[752,1784,1785,29,214,31091,30,5537,1015,93,215,5799],"class_list":{"0":"post-419590","1":"post","2":"type-post","3":"status-publish","4":"format-standard","5":"has-post-thumbnail","7":"category-buecher","8":"tag-bildung","9":"tag-books","10":"tag-buecher","11":"tag-deutschland","12":"tag-entertainment","13":"tag-gefangener","14":"tag-germany","15":"tag-haftstrafe","16":"tag-justiz","17":"tag-literatur","18":"tag-unterhaltung","19":"tag-usbekistan"},"share_on_mastodon":{"url":"https:\/\/pubeurope.com\/@de\/115197146424969798","error":""},"_links":{"self":[{"href":"https:\/\/www.europesays.com\/de\/wp-json\/wp\/v2\/posts\/419590","targetHints":{"allow":["GET"]}}],"collection":[{"href":"https:\/\/www.europesays.com\/de\/wp-json\/wp\/v2\/posts"}],"about":[{"href":"https:\/\/www.europesays.com\/de\/wp-json\/wp\/v2\/types\/post"}],"author":[{"embeddable":true,"href":"https:\/\/www.europesays.com\/de\/wp-json\/wp\/v2\/users\/2"}],"replies":[{"embeddable":true,"href":"https:\/\/www.europesays.com\/de\/wp-json\/wp\/v2\/comments?post=419590"}],"version-history":[{"count":0,"href":"https:\/\/www.europesays.com\/de\/wp-json\/wp\/v2\/posts\/419590\/revisions"}],"wp:featuredmedia":[{"embeddable":true,"href":"https:\/\/www.europesays.com\/de\/wp-json\/wp\/v2\/media\/419591"}],"wp:attachment":[{"href":"https:\/\/www.europesays.com\/de\/wp-json\/wp\/v2\/media?parent=419590"}],"wp:term":[{"taxonomy":"category","embeddable":true,"href":"https:\/\/www.europesays.com\/de\/wp-json\/wp\/v2\/categories?post=419590"},{"taxonomy":"post_tag","embeddable":true,"href":"https:\/\/www.europesays.com\/de\/wp-json\/wp\/v2\/tags?post=419590"}],"curies":[{"name":"wp","href":"https:\/\/api.w.org\/{rel}","templated":true}]}}