{"id":419719,"date":"2025-09-13T14:19:13","date_gmt":"2025-09-13T14:19:13","guid":{"rendered":"https:\/\/www.europesays.com\/de\/419719\/"},"modified":"2025-09-13T14:19:13","modified_gmt":"2025-09-13T14:19:13","slug":"muenchen-hunderte-teilnehmer-bei-fahrraddemo-gegen-iaa-muenchen","status":"publish","type":"post","link":"https:\/\/www.europesays.com\/de\/419719\/","title":{"rendered":"M\u00fcnchen: Hunderte Teilnehmer bei Fahrraddemo gegen IAA &#8211; M\u00fcnchen"},"content":{"rendered":"<p data-manual=\"paragraph\" data-schema-org-speakable=\"true\" class=\"css-xboolz\">Einige Hundert Menschen haben am Samstagnachmittag mit einer Fahrraddemonstration gegen die Automobilausstellung <a href=\"https:\/\/www.sueddeutsche.de\/thema\/IAA\" target=\"_blank\" rel=\"noopener\">IAA<\/a> und f\u00fcr eine <a href=\"https:\/\/www.sueddeutsche.de\/thema\/Mobilit%C3%A4tswende\" target=\"_blank\" rel=\"noopener\">Mobilit\u00e4tswende<\/a> demonstriert. Sie fuhren vom Klimacamp in Schwabing mehrere Kilometer \u00fcber den Mittleren Ring bis zum Karolinenplatz. Er liegt zwischen zwei Ausstellungsfl\u00e4chen der IAA. Organisiert wurde die Fahrraddemo vom Bund Naturschutz (BN), dem Verkehrsclub Deutschland und Green City.<\/p>\n<p data-manual=\"paragraph\" data-schema-org-speakable=\"true\" class=\"css-xboolz\">Martin Geilhufe, Landesbeauftragter des BN, bemerkte, dass heuer weniger Menschen als in fr\u00fcheren Jahren gegen die IAA demonstrierten. Er wertete es aber als \u201eZeichen des Durchhaltens\u201c, dass es trotzdem Protest gebe. Autoindustrie und Politik kritisierte er daf\u00fcr, dass der Verkehrssektor die Klimaziele weiterhin klar verfehle. Am Vorhaben, von 2035 an europaweit keine neuen Verbrenner mehr zuzulassen, d\u00fcrfe nicht ger\u00fcttelt werden.<\/p>\n<p data-manual=\"paragraph\" data-schema-org-speakable=\"true\" class=\"css-xboolz\">An die Fahrraddemo schloss sich eine Laufdemo an, die von politisch linksorientierten Gruppen organisiert wurde. Bei der Auftaktkundgebung kritisierten Redner nicht nur die Klimapolitik der Bundesregierung und die IAA, sondern auch die Aufr\u00fcstung in Deutschland.<\/p>\n<p data-manual=\"paragraph\" data-schema-org-speakable=\"true\" class=\"css-xboolz\">Bereits am Freitagabend hatten Aktivisten die Leopoldstra\u00dfe f\u00fcr mehrere Stunden blockiert. Laut Polizei befanden sie sich bis 4.15 Uhr am Samstagmorgen auf der Stra\u00dfe. Die Polizei duldete diese nicht angemeldete Versammlung.<\/p>\n","protected":false},"excerpt":{"rendered":"Einige Hundert Menschen haben am Samstagnachmittag mit einer Fahrraddemonstration gegen die Automobilausstellung IAA und f\u00fcr eine Mobilit\u00e4tswende demonstriert.&hellip;\n","protected":false},"author":2,"featured_media":419720,"comment_status":"","ping_status":"","sticky":false,"template":"","format":"standard","meta":{"footnotes":""},"categories":[1827],"tags":[772,29,30,38033,21355,1268,2339,149,3232],"class_list":{"0":"post-419719","1":"post","2":"type-post","3":"status-publish","4":"format-standard","5":"has-post-thumbnail","7":"category-muenchen","8":"tag-bayern","9":"tag-deutschland","10":"tag-germany","11":"tag-iaa","12":"tag-mobilitaetswende","13":"tag-muenchen","14":"tag-oberbayern","15":"tag-sueddeutsche-zeitung","16":"tag-verkehr-in-muenchen"},"share_on_mastodon":{"url":"https:\/\/pubeurope.com\/@de\/115197428686921483","error":""},"_links":{"self":[{"href":"https:\/\/www.europesays.com\/de\/wp-json\/wp\/v2\/posts\/419719","targetHints":{"allow":["GET"]}}],"collection":[{"href":"https:\/\/www.europesays.com\/de\/wp-json\/wp\/v2\/posts"}],"about":[{"href":"https:\/\/www.europesays.com\/de\/wp-json\/wp\/v2\/types\/post"}],"author":[{"embeddable":true,"href":"https:\/\/www.europesays.com\/de\/wp-json\/wp\/v2\/users\/2"}],"replies":[{"embeddable":true,"href":"https:\/\/www.europesays.com\/de\/wp-json\/wp\/v2\/comments?post=419719"}],"version-history":[{"count":0,"href":"https:\/\/www.europesays.com\/de\/wp-json\/wp\/v2\/posts\/419719\/revisions"}],"wp:featuredmedia":[{"embeddable":true,"href":"https:\/\/www.europesays.com\/de\/wp-json\/wp\/v2\/media\/419720"}],"wp:attachment":[{"href":"https:\/\/www.europesays.com\/de\/wp-json\/wp\/v2\/media?parent=419719"}],"wp:term":[{"taxonomy":"category","embeddable":true,"href":"https:\/\/www.europesays.com\/de\/wp-json\/wp\/v2\/categories?post=419719"},{"taxonomy":"post_tag","embeddable":true,"href":"https:\/\/www.europesays.com\/de\/wp-json\/wp\/v2\/tags?post=419719"}],"curies":[{"name":"wp","href":"https:\/\/api.w.org\/{rel}","templated":true}]}}