{"id":419888,"date":"2025-09-13T15:54:12","date_gmt":"2025-09-13T15:54:12","guid":{"rendered":"https:\/\/www.europesays.com\/de\/419888\/"},"modified":"2025-09-13T15:54:12","modified_gmt":"2025-09-13T15:54:12","slug":"karlstadt-jugendliche-brechen-im-freibad-ein","status":"publish","type":"post","link":"https:\/\/www.europesays.com\/de\/419888\/","title":{"rendered":"Karlstadt: Jugendliche brechen im Freibad ein"},"content":{"rendered":"<p>Kurz vor Ende der Saison hatte das Freibad in Karlstadt in der Nacht zum Samstag nochmal ungebetenen Besuch. Gegen 1 Uhr waren aus dem Kassenh\u00e4uschen Klopfger\u00e4usche geh\u00f6rt worden.<\/p>\n<p>Vor Ort konnte die Polizei zwei 14- und 17-J\u00e4hrige stellen. Sie waren eingebrochen, hatten alles durchw\u00fchlt und versuchten gerade, mit einer Axt den Tresor aufzubrechen. Der Schaden liegt bei rund 7.000 Euro. Erbeutet haben die beiden Jugendlichen nichts.<\/p>\n","protected":false},"excerpt":{"rendered":"Kurz vor Ende der Saison hatte das Freibad in Karlstadt in der Nacht zum Samstag nochmal ungebetenen Besuch.&hellip;\n","protected":false},"author":2,"featured_media":419889,"comment_status":"","ping_status":"","sticky":false,"template":"","format":"standard","meta":{"footnotes":""},"categories":[1772],"tags":[29,214,30,1779,810,2506,215],"class_list":{"0":"post-419888","1":"post","2":"type-post","3":"status-publish","4":"format-standard","5":"has-post-thumbnail","7":"category-musik","8":"tag-deutschland","9":"tag-entertainment","10":"tag-germany","11":"tag-music","12":"tag-musik","13":"tag-radio-radio-gong-wuerzburg-heimvorteil-musik","14":"tag-unterhaltung"},"share_on_mastodon":{"url":"https:\/\/pubeurope.com\/@de\/115197802333947268","error":""},"_links":{"self":[{"href":"https:\/\/www.europesays.com\/de\/wp-json\/wp\/v2\/posts\/419888","targetHints":{"allow":["GET"]}}],"collection":[{"href":"https:\/\/www.europesays.com\/de\/wp-json\/wp\/v2\/posts"}],"about":[{"href":"https:\/\/www.europesays.com\/de\/wp-json\/wp\/v2\/types\/post"}],"author":[{"embeddable":true,"href":"https:\/\/www.europesays.com\/de\/wp-json\/wp\/v2\/users\/2"}],"replies":[{"embeddable":true,"href":"https:\/\/www.europesays.com\/de\/wp-json\/wp\/v2\/comments?post=419888"}],"version-history":[{"count":0,"href":"https:\/\/www.europesays.com\/de\/wp-json\/wp\/v2\/posts\/419888\/revisions"}],"wp:featuredmedia":[{"embeddable":true,"href":"https:\/\/www.europesays.com\/de\/wp-json\/wp\/v2\/media\/419889"}],"wp:attachment":[{"href":"https:\/\/www.europesays.com\/de\/wp-json\/wp\/v2\/media?parent=419888"}],"wp:term":[{"taxonomy":"category","embeddable":true,"href":"https:\/\/www.europesays.com\/de\/wp-json\/wp\/v2\/categories?post=419888"},{"taxonomy":"post_tag","embeddable":true,"href":"https:\/\/www.europesays.com\/de\/wp-json\/wp\/v2\/tags?post=419888"}],"curies":[{"name":"wp","href":"https:\/\/api.w.org\/{rel}","templated":true}]}}