{"id":419914,"date":"2025-09-13T16:08:09","date_gmt":"2025-09-13T16:08:09","guid":{"rendered":"https:\/\/www.europesays.com\/de\/419914\/"},"modified":"2025-09-13T16:08:09","modified_gmt":"2025-09-13T16:08:09","slug":"tourismus-in-braunschweig-neue-zahlen-veroeffentlicht","status":"publish","type":"post","link":"https:\/\/www.europesays.com\/de\/419914\/","title":{"rendered":"Tourismus in Braunschweig &#8211; Neue Zahlen ver\u00f6ffentlicht"},"content":{"rendered":"<p class=\"datum\">13.09.2025, 16:19 Uhr<\/p>\n<p><strong>Braunschweig. Das Landesamt f\u00fcr Statistik Niedersachsen (LSN) hat f\u00fcr das erste Halbjahr 2025 <a class=\"redlink\" href=\"https:\/\/regionalheute.de\/braunschweig\/\" rel=\"nofollow noopener\" target=\"_blank\">in Braunschweig<\/a> 188.555 G\u00e4steank\u00fcnfte und 344.563 \u00dcbernachtungen erfasst. Damit kamen 5,4 Prozent mehr Besucherinnen und Besucher in die L\u00f6wenstadt als im Vorjahreszeitraum. Die \u00dcbernachtungen gingen dagegen leicht um 1,6 Prozent zur\u00fcck. Das berichtet die Braunschweig Stadtmarketing GmbH in einer Pressemeldung.<br \/><\/strong><br \/>\n <\/p>\n<p>F\u00fcr das zweite Quartal 2025 hat das LSN in Braunschweig 103.019 G\u00e4steank\u00fcnfte und 191.715 \u00dcbernachtungen erfasst. Im Vergleich zum Vorjahreszeitraum bedeutet dies einen Anstieg der Ank\u00fcnfte um 3,6 Prozent. Besonders der Mai sticht mit einem deutlichen Plus hervor, nachdem er im Vorjahr noch der schw\u00e4chste Monat des zweiten Quartals war. Die \u00dcbernachtungen gingen im Jahresvergleich um 0,9 Prozent zur\u00fcck, sodass sich die durchschnittliche Aufenthaltsdauer von 1,95 \u00dcbernachtungen im zweiten Quartal 2024 auf aktuell 1,86 verk\u00fcrzte. Bei ausl\u00e4ndischen G\u00e4sten zeigt sich jedoch ein leichtes Wachstum der \u00dcbernachtungen um 0,5 Prozent von 60.113 auf 60.804.<\/p>\n<p>M\u00f6gliche Faktoren <\/p>\n<p>\u201eDie Lage der Osterferien im April und die fr\u00fche Hannover Messe im M\u00e4rz haben die Zahlen beeinflusst und f\u00fcr Verschiebungen innerhalb der ersten beiden Quartale gesorgt. Dazu kommt, dass besuchsstarke Veranstaltungen wie das Festival Theaterformen oder der Lichtparcours letztes Jahr im zweiten Quartal f\u00fcr zus\u00e4tzliche G\u00e4ste gesorgt haben, im Jahresvergleich jetzt aber fehlen. Umso erfreulicher ist, dass trotzdem mehr G\u00e4ste nach Braunschweig gekommen sind\u201c, erkl\u00e4rt Gerold Leppa, Gesch\u00e4ftsf\u00fchrer der Braunschweig Stadtmarketing GmbH. <\/p>\n<p>Besonders Open Airs und die Feiertage im zweiten Quartal h\u00e4tten viele Menschen nach Braunschweig gelockt. \u201eF\u00fcr die zweite Jahresh\u00e4lfte werden wir Braunschweig weiter in touristischen Kampagnen bewerben und bei Veranstaltungen wie dem Tag der Niedersachsen in Osnabr\u00fcck nach Braunschweig einladen, um auch bei den \u00dcbernachtungen wieder einen Anstieg verzeichnen zu k\u00f6nnen. Uns stimmt besonders die Wiederer\u00f6ffnung des IntercityHotel Braunschweig ab September positiv, da wir damit wieder mehr Kapazit\u00e4ten f\u00fcr \u00dcbernachtungen bieten k\u00f6nnen.\u201c<\/p>\n<p>Den Aufw\u00e4rtstrend fortsetzen<\/p>\n<p>Karsten Ziaja, Vorstandsvorsitzender des Arbeitsausschuss Tourismus Braunschweig e. V. (ATB), erg\u00e4nzt: \u201eWir freuen uns \u00fcber das starke erste Halbjahr und werden zusammen mit dem Stadtmarketing daran arbeiten, dass sich dieser Aufw\u00e4rtstrend fortsetzt. Das zweite Halbjahr bietet unter anderem mit attraktiven Veranstaltungen wie dem Burgplatz Open Air, dem Internationalen Filmfest und dem Weihnachtsmarkt viele Reiseanl\u00e4sse.\u201c<\/p>\n<p>Das Landesamt f\u00fcr Statistik Niedersachsen (LSN) erfasst monatlich die G\u00e4steank\u00fcnfte und -\u00fcbernachtungen in Niedersachsen. Grundlage der Werte sind Meldungen von Beherbergungsbetrieben mit mindestens zehn Betten und Campingpl\u00e4tze mit mindestens zehn Stellpl\u00e4tzen. Da nicht alle Meldungen p\u00fcnktlich eingehen, beruhen die Monatszahlen teils auf Sch\u00e4tzungen. Dementsprechend kann es vorkommen, dass die vorl\u00e4ufigen Werte r\u00fcckwirkend leicht korrigiert werden. Sp\u00e4testens mit Ver\u00f6ffentlichung der jeweiligen Dezemberzahlen ist die Jahreserfassung abgeschlossen und es ergeben sich keine \u00c4nderungen mehr.<\/p>\n","protected":false},"excerpt":{"rendered":"13.09.2025, 16:19 Uhr Braunschweig. Das Landesamt f\u00fcr Statistik Niedersachsen (LSN) hat f\u00fcr das erste Halbjahr 2025 in Braunschweig&hellip;\n","protected":false},"author":2,"featured_media":419915,"comment_status":"","ping_status":"","sticky":false,"template":"","format":"standard","meta":{"footnotes":""},"categories":[1850],"tags":[6429,3364,29,548,663,3934,30,13,14,15,1411,12],"class_list":{"0":"post-419914","1":"post","2":"type-post","3":"status-publish","4":"format-standard","5":"has-post-thumbnail","7":"category-braunschweig","8":"tag-braunschweig","9":"tag-de","10":"tag-deutschland","11":"tag-eu","12":"tag-europa","13":"tag-europe","14":"tag-germany","15":"tag-headlines","16":"tag-nachrichten","17":"tag-news","18":"tag-niedersachsen","19":"tag-schlagzeilen"},"share_on_mastodon":{"url":"","error":""},"_links":{"self":[{"href":"https:\/\/www.europesays.com\/de\/wp-json\/wp\/v2\/posts\/419914","targetHints":{"allow":["GET"]}}],"collection":[{"href":"https:\/\/www.europesays.com\/de\/wp-json\/wp\/v2\/posts"}],"about":[{"href":"https:\/\/www.europesays.com\/de\/wp-json\/wp\/v2\/types\/post"}],"author":[{"embeddable":true,"href":"https:\/\/www.europesays.com\/de\/wp-json\/wp\/v2\/users\/2"}],"replies":[{"embeddable":true,"href":"https:\/\/www.europesays.com\/de\/wp-json\/wp\/v2\/comments?post=419914"}],"version-history":[{"count":0,"href":"https:\/\/www.europesays.com\/de\/wp-json\/wp\/v2\/posts\/419914\/revisions"}],"wp:featuredmedia":[{"embeddable":true,"href":"https:\/\/www.europesays.com\/de\/wp-json\/wp\/v2\/media\/419915"}],"wp:attachment":[{"href":"https:\/\/www.europesays.com\/de\/wp-json\/wp\/v2\/media?parent=419914"}],"wp:term":[{"taxonomy":"category","embeddable":true,"href":"https:\/\/www.europesays.com\/de\/wp-json\/wp\/v2\/categories?post=419914"},{"taxonomy":"post_tag","embeddable":true,"href":"https:\/\/www.europesays.com\/de\/wp-json\/wp\/v2\/tags?post=419914"}],"curies":[{"name":"wp","href":"https:\/\/api.w.org\/{rel}","templated":true}]}}