{"id":420003,"date":"2025-09-13T17:00:18","date_gmt":"2025-09-13T17:00:18","guid":{"rendered":"https:\/\/www.europesays.com\/de\/420003\/"},"modified":"2025-09-13T17:00:18","modified_gmt":"2025-09-13T17:00:18","slug":"dfb-elf-in-koeln-julian-nagelsmann-vor-historischer-negativserie","status":"publish","type":"post","link":"https:\/\/www.europesays.com\/de\/420003\/","title":{"rendered":"DFB-Elf in K\u00f6ln: Julian Nagelsmann vor historischer Negativserie"},"content":{"rendered":"<p class=\"dm-paragraph my-8 dm-article-content-width\" index=\"0\" should-collapse-on-mobile=\"true\" has-padding=\"\" data-v-586984a4=\"\">Viele Blicke werden am Sonntagabend auf K\u00f6ln gerichtet sein. Das L\u00e4nderspiel der deutschen Fu\u00dfball-Nationalmannschaft gegen Nordirland im Rhein-Energie-Stadion wird zum Schicksalsspiel f\u00fcr Julian Nagelsmann.\u00a0Mit einem Sieg will der Bundestrainer die Zweifel nach dem Fehlstart in die WM-Qualifikation vertreiben. Eine erneute Entt\u00e4uschung h\u00e4tte f\u00fcr die Fu\u00dfball-Nationalmannschaft sogar historische Dimensionen.<\/p>\n<p class=\"dm-paragraph my-8 dm-article-content-width\" index=\"1\" should-collapse-on-mobile=\"true\" has-padding=\"\" data-v-586984a4=\"\">Seit mehr als 100 Jahren hat eine DFB-Elf nicht mehr vier Spiele nacheinander verloren. Letztmals gab es eine solche Negativserie 1913, als sogar sieben Partien verloren gingen. Zuvor hatte Deutschland gleich die ersten vier L\u00e4nderspiele der DFB-Historie in den Jahren 1908 und 1909 verloren, bevor mit einem 3:3 in Ungarn immerhin das erste Remis gelang.<\/p>\n<p><img decoding=\"async\" width=\"2048\" height=\"1365\" alt=\"Bundestrainer Julian Nagelsmann pr\u00e4sentiert sich fassungslos.\" loading=\"lazy\" onerror=\"this.setAttribute('data-error', 1)\" class=\"current-image dm-figure__image dm-figure__image--undefined undefined\" data-nuxt-pic=\"\" src=\"https:\/\/www.europesays.com\/de\/wp-content\/uploads\/2025\/09\/6307ba6f-9e1d-4366-a8e4-2066da74ad41.jpeg\"  \/><\/p>\n<p class=\"dm-figure__subline\" data-v-72e429ff=\"\">Bundestrainer Julian Nagelsmann plant mit vier Wechseln in der Startelf.<\/p>\n<p class=\"dm-figure__copyright\" data-v-72e429ff=\"\">Copyright: Christian Charisius\/dpa<\/p>\n<p class=\"dm-paragraph my-8 dm-article-content-width\" index=\"3\" should-collapse-on-mobile=\"true\" has-padding=\"\" data-v-586984a4=\"\">Nagelsmann w\u00e4re der erste DFB-Coach mit einer solchen Niederlagen-Bilanz. Bevor 1926 Otto Nerz zum Reichstrainer ernannt wurde, gab es keinen verantwortlichen \u00dcbungsleiter f\u00fcr die Nationalmannschaft im heutigen Sinne.<\/p>\n<p>Nagelsmann plant wohl mit vier Ver\u00e4nderungen in der Startelf<\/p>\n<p class=\"dm-paragraph my-8 dm-article-content-width\" index=\"5\" should-collapse-on-mobile=\"true\" has-padding=\"\" data-v-586984a4=\"\">Bundestrainer Nagelsmann plant angeblich mit vier Wechseln in seiner Startelf. Das berichtet die Bild vor der Partie am Sonntag (20.45 Uhr\/RTL) in K\u00f6ln.<\/p>\n<p class=\"dm-paragraph my-8 dm-article-content-width\" index=\"7\" should-collapse-on-mobile=\"true\" has-padding=\"\" data-v-586984a4=\"\">Nach dem Debakel in der Slowakei zum Auftakt (0:2) m\u00fcssten Serge Gnabry, Maximilian Mittelst\u00e4dt, Angelo Stiller und Deb\u00fctant Nnamdi Collins auf die Bank, dies seien \u201edie bisherigen Planungen\u201c des Bundestrainers, hie\u00df es. Nagelsmann, der nach drei Pflichtspielpleiten nacheinander deutlich mehr Emotionalit\u00e4t gegen die Nordiren fordert, hatte vor dem Abschlusstraining am Samstagabend betont, dass personell \u201esicher ein bisschen was passieren\u201c werde, aber auch nicht zu viel. Drei Tage nach der Niederlage in Bratislava brauche es Spieler, \u201edie auf die Situation passen\u201c.<\/p>\n<p>L\u00e4nderspiel in K\u00f6ln: Anton f\u00fcr Collins, kommt Andrich rein?<\/p>\n<p class=\"dm-paragraph my-8 dm-article-content-width\" index=\"9\" should-collapse-on-mobile=\"true\" has-padding=\"\" data-v-586984a4=\"\">Als Alternative f\u00fcr Collins kommt rechts hinten der Dortmunder Waldemar Anton infrage, neben Kapit\u00e4n Joshua Kimmich und Leon Goretzka k\u00f6nnte Leverkusens Robert Andrich im Mittelfeldzentrum auflaufen. Auf der Gnabry-Seite gelten Karim Adeyemi, Paul Nebel oder Jamie Leweling als Kandidaten.<\/p>\n<p><a href=\"https:\/\/www.rundschau-online.de\/sport\/dpa-fussball\/hoeness-ueber-nationalteam-nicht-stab-ueber-nagelsmann-brechen-1102218\" class=\"dm-imagefeat__imagecontainer dm-imagefeat relative\" aria-label=\"\" tabindex=\"-1\" data-v-d81621e6=\"\" rel=\"nofollow noopener\" target=\"_blank\"><img decoding=\"async\" width=\"2048\" height=\"1365\" alt=\"Uli Hoene\u00df bezieht im Doppelpass Stellung.\" loading=\"lazy\" onerror=\"this.setAttribute('data-error', 1)\" class=\"dm-imagefeat__image w-full aspect-square sm:aspect-auto aspect-video\" style=\"aspect-ratio:1;\" data-nuxt-pic=\"\" src=\"https:\/\/www.europesays.com\/de\/wp-content\/uploads\/2025\/09\/e94b11d0-eb6e-4155-8a16-45f4bf1fb3c0.jpeg\"  \/><\/a><\/p>\n<p class=\"dm-paragraph my-8 dm-article-content-width\" index=\"11\" should-collapse-on-mobile=\"true\" has-padding=\"\" data-v-586984a4=\"\">Nach Mittelst\u00e4dt ist David Raum die erste Option f\u00fcr die linke Abwehrseite. \u201eAm Ende wei\u00df jeder Spieler, was auf dem Spiel steht und wie wichtig das Spiel f\u00fcr uns ist\u201c, sagte Nagelsmann der Sportschau: \u201eTabellarisch und punktem\u00e4\u00dfig, aber auch von der Gesamtstimmung.\u201c (dpa, tis, sid)<\/p>\n","protected":false},"excerpt":{"rendered":"Viele Blicke werden am Sonntagabend auf K\u00f6ln gerichtet sein. Das L\u00e4nderspiel der deutschen Fu\u00dfball-Nationalmannschaft gegen Nordirland im Rhein-Energie-Stadion&hellip;\n","protected":false},"author":2,"featured_media":420004,"comment_status":"","ping_status":"","sticky":false,"template":"","format":"standard","meta":{"footnotes":""},"categories":[1828],"tags":[29,30,1420,1209],"class_list":{"0":"post-420003","1":"post","2":"type-post","3":"status-publish","4":"format-standard","5":"has-post-thumbnail","7":"category-koeln","8":"tag-deutschland","9":"tag-germany","10":"tag-koeln","11":"tag-nordrhein-westfalen"},"share_on_mastodon":{"url":"","error":""},"_links":{"self":[{"href":"https:\/\/www.europesays.com\/de\/wp-json\/wp\/v2\/posts\/420003","targetHints":{"allow":["GET"]}}],"collection":[{"href":"https:\/\/www.europesays.com\/de\/wp-json\/wp\/v2\/posts"}],"about":[{"href":"https:\/\/www.europesays.com\/de\/wp-json\/wp\/v2\/types\/post"}],"author":[{"embeddable":true,"href":"https:\/\/www.europesays.com\/de\/wp-json\/wp\/v2\/users\/2"}],"replies":[{"embeddable":true,"href":"https:\/\/www.europesays.com\/de\/wp-json\/wp\/v2\/comments?post=420003"}],"version-history":[{"count":0,"href":"https:\/\/www.europesays.com\/de\/wp-json\/wp\/v2\/posts\/420003\/revisions"}],"wp:featuredmedia":[{"embeddable":true,"href":"https:\/\/www.europesays.com\/de\/wp-json\/wp\/v2\/media\/420004"}],"wp:attachment":[{"href":"https:\/\/www.europesays.com\/de\/wp-json\/wp\/v2\/media?parent=420003"}],"wp:term":[{"taxonomy":"category","embeddable":true,"href":"https:\/\/www.europesays.com\/de\/wp-json\/wp\/v2\/categories?post=420003"},{"taxonomy":"post_tag","embeddable":true,"href":"https:\/\/www.europesays.com\/de\/wp-json\/wp\/v2\/tags?post=420003"}],"curies":[{"name":"wp","href":"https:\/\/api.w.org\/{rel}","templated":true}]}}