{"id":420006,"date":"2025-09-13T17:02:12","date_gmt":"2025-09-13T17:02:12","guid":{"rendered":"https:\/\/www.europesays.com\/de\/420006\/"},"modified":"2025-09-13T17:02:12","modified_gmt":"2025-09-13T17:02:12","slug":"automobilmesse-hunderte-protestieren-auf-raedern-und-zu-fuss-gegen-iaa-bayern","status":"publish","type":"post","link":"https:\/\/www.europesays.com\/de\/420006\/","title":{"rendered":"Automobilmesse &#8211; Hunderte protestieren auf R\u00e4dern und zu Fu\u00df gegen IAA &#8211; Bayern"},"content":{"rendered":"<p data-manual=\"teaserText\" data-schema-org-speakable=\"true\">Noch bis Sonntag l\u00e4uft die Mobilit\u00e4tsmesse in M\u00fcnchen. Am Samstag gab es erneute Protest \u2013 diesmal auf dem Rad und zu Fu\u00df.<\/p>\n<p data-manual=\"paragraph\" data-schema-org-speakable=\"true\" class=\"css-xboolz\"><a href=\"https:\/\/www.sueddeutsche.de\/thema\/M%C3%BCnchen\" target=\"_blank\" rel=\"noopener\">M\u00fcnchen<\/a> (dpa\/lby) &#8211; Hunderte Menschen sind aus Protest gegen die Automesse IAA Mobility bei Demonstrationen auf dem Rad und zu Fu\u00df durch M\u00fcnchen gezogen. Die Messe stehe f\u00fcr eine \u201eAuto-Zukunft, mit mehr SUV, mehr Beton und mehr Profit auf Kosten von Mensch &amp; Natur\u201c, kritisierten die Fahrraddemo-Organisatoren Bund Naturschutz und Verkehrsclub Deutschland.<\/p>\n<p data-manual=\"paragraph\" data-schema-org-speakable=\"true\" class=\"css-xboolz\">Bei der Versammlung auf R\u00e4dern fuhren, Angaben eines Polizeisprechers zufolge, rund 700 Menschen durch M\u00fcnchen. Der Sprecher meldete keine besonderen Vorkommnisse, es gab jedoch zeitweise Verkehrsbeeintr\u00e4chtigungen.<\/p>\n<p>Plattform XDie SZ-Redaktion hat diesen Artikel mit einem Inhalt von X Corp. angereichert<\/p>\n<p class=\"css-kxe210\">Um Ihre Daten zu sch\u00fctzen, wurde er nicht ohne Ihre Zustimmung geladen.<\/p>\n<p>Inhalt jetzt laden<\/p>\n<p class=\"css-orh8zx\">Ich bin damit einverstanden, dass mir Inhalte von X Corp. angezeigt werden. Damit werden personenbezogene Daten an den Betreiber des Portals zur Nutzungsanalyse \u00fcbermittelt. Mehr Informationen und eine Widerrufsm\u00f6glichkeit finden Sie unter\u00a0<a href=\"https:\/\/datenschutz.sueddeutsche.de\/sz\" class=\"css-lqefuc\" target=\"_blank\" rel=\"noopener\">sz.de\/datenschutz<\/a>.<\/p>\n<p data-manual=\"paragraph\" data-schema-org-speakable=\"true\" class=\"css-xboolz\">Im Anschluss zog eine Fu\u00dfdemo vom Karolinenplatz durch die Innenstadt Richtung Luitpoldpark, wo IAA-Gegnerinnen und -Gegner ihre Zelte bei einem Protestcamp aufgebaut hatten. Die Teilnehmerinnen und Teilnehmer kritisierten neben der Automobilmesse auch die Aufr\u00fcstung Deutschlands \u2013 auf einem Plakat war etwa \u201eHeute Autos, morgen Panzer\u201c zu lesen. In der Spitze waren laut dem Polizeisprecher rund 650 Menschen unterwegs, die Veranstalter hatten mit etwa 3.000 Teilnehmerinnen und Teilnehmern gerechnet. Die Versammlung lief demnach weitgehend friedlich.<\/p>\n<p>Mehrere Protestaktionen gegen IAA Mobility in M\u00fcnchen<\/p>\n<p data-manual=\"paragraph\" data-schema-org-speakable=\"true\" class=\"css-xboolz\">In den vergangenen Tagen hatte es mehrfach <a href=\"https:\/\/www.sueddeutsche.de\/thema\/Proteste\" target=\"_blank\" rel=\"noopener\">Proteste<\/a> gegen die Autoausstellung gegeben. Am Donnerstag blockierten etwa Aktivistinnen und Aktivisten der Gruppe Widerstands-Kollektiv im morgendlichen Berufsverkehr die Autobahn 9 in M\u00fcnchen, drei von ihnen klebten sich auf der Fahrbahn fest.<\/p>\n<p data-manual=\"paragraph\" data-schema-org-speakable=\"true\" class=\"css-xboolz\">Die Automesse, die seit 2021 alle zwei Jahre in M\u00fcnchen stattfindet, l\u00e4uft noch bis zum Sonntag. Neben dem Bund Naturschutz protestieren auch das Protestnetzwerk Attac und andere Gruppen.<\/p>\n<p data-manual=\"paragraph\" data-schema-org-speakable=\"true\" class=\"css-xboolz\">\u00a9 dpa-infocom, dpa:250913-930-33759\/2<\/p>\n","protected":false},"excerpt":{"rendered":"Noch bis Sonntag l\u00e4uft die Mobilit\u00e4tsmesse in M\u00fcnchen. Am Samstag gab es erneute Protest \u2013 diesmal auf dem&hellip;\n","protected":false},"author":2,"featured_media":420007,"comment_status":"","ping_status":"","sticky":false,"template":"","format":"standard","meta":{"footnotes":""},"categories":[1827],"tags":[582,772,507,29,30,110367,70031,1563,952,30488,3800,1268,2339,25847,159,149,601],"class_list":{"0":"post-420006","1":"post","2":"type-post","3":"status-publish","4":"format-standard","5":"has-post-thumbnail","7":"category-muenchen","8":"tag-automobilindustrie","9":"tag-bayern","10":"tag-demonstration","11":"tag-deutschland","12":"tag-germany","13":"tag-iaa-mobility-messe-muenchen","14":"tag-karolinenplatz","15":"tag-klima","16":"tag-klimawandel","17":"tag-luitpoldpark","18":"tag-messen","19":"tag-muenchen","20":"tag-oberbayern","21":"tag-parks-in-muenchen","22":"tag-proteste","23":"tag-sueddeutsche-zeitung","24":"tag-verkehr"},"share_on_mastodon":{"url":"https:\/\/pubeurope.com\/@de\/115198069751266129","error":""},"_links":{"self":[{"href":"https:\/\/www.europesays.com\/de\/wp-json\/wp\/v2\/posts\/420006","targetHints":{"allow":["GET"]}}],"collection":[{"href":"https:\/\/www.europesays.com\/de\/wp-json\/wp\/v2\/posts"}],"about":[{"href":"https:\/\/www.europesays.com\/de\/wp-json\/wp\/v2\/types\/post"}],"author":[{"embeddable":true,"href":"https:\/\/www.europesays.com\/de\/wp-json\/wp\/v2\/users\/2"}],"replies":[{"embeddable":true,"href":"https:\/\/www.europesays.com\/de\/wp-json\/wp\/v2\/comments?post=420006"}],"version-history":[{"count":0,"href":"https:\/\/www.europesays.com\/de\/wp-json\/wp\/v2\/posts\/420006\/revisions"}],"wp:featuredmedia":[{"embeddable":true,"href":"https:\/\/www.europesays.com\/de\/wp-json\/wp\/v2\/media\/420007"}],"wp:attachment":[{"href":"https:\/\/www.europesays.com\/de\/wp-json\/wp\/v2\/media?parent=420006"}],"wp:term":[{"taxonomy":"category","embeddable":true,"href":"https:\/\/www.europesays.com\/de\/wp-json\/wp\/v2\/categories?post=420006"},{"taxonomy":"post_tag","embeddable":true,"href":"https:\/\/www.europesays.com\/de\/wp-json\/wp\/v2\/tags?post=420006"}],"curies":[{"name":"wp","href":"https:\/\/api.w.org\/{rel}","templated":true}]}}